{"headers": {"id": "ID", "ano": "Ano", "numero": "N\u00famero", "tipo__sigla": "Tipo de Mat\u00e9ria Legislativa/Sigla", "tipo__descricao": "Tipo de Mat\u00e9ria Legislativa/Descri\u00e7\u00e3o", "autoria": "Autorias", "texto_original": "Texto Original", "ementa": "Ementa"}, "results": [{"id": "715", "ano": "2023", "numero": "1", "tipo__sigla": "PLO", "tipo__descricao": "PROJETO DE LEI ORDIN\u00c1RIA EXECUTIVO", "autoria": "PMPG", "texto_original": "http://sapl.portogrande.ap.leg.br/media/sapl/public/materialegislativa/2023/715/plo_01_2023_gab_pmpg.pdf", "ementa": "\"AUTORIZA A CELEBRA\u00c7\u00c3O DE TERMO DE CESS\u00c3O DE USO DE BEM P\u00daBLICO IM\u00d3VEL COM O ESTADO DO AMAP\u00c1, POR MEIO DA POL\u00cdCIA CIENT\u00cdFICA DO AMAP\u00c1, E D\u00c1 OUTRAS PROVID\u00caNCIAS.\""}, {"id": "790", "ano": "2023", "numero": "2", "tipo__sigla": "PLO", "tipo__descricao": "PROJETO DE LEI ORDIN\u00c1RIA EXECUTIVO", "autoria": "PMPG", "texto_original": "http://sapl.portogrande.ap.leg.br/media/sapl/public/materialegislativa/2023/790/ple_002_2023_gab_pmpg.pdf", "ementa": "DISP\u00d5E SOBRE A INCORPORA\u00c7\u00c3O DA GRATIFICA\u00c7\u00c3O DE TEMPO DE SERVI\u00c7O (QUINQU\u00caNIO) AO VENCIMENTO-BASE DOS PROFISSIONAIS DO MAGIST\u00c9RIO P\u00daBLICO DO MUNICIPIO DE PORTO GRANDE E D\u00c1 OUTRAS PROVID\u00caNCIAS."}, {"id": "794", "ano": "2023", "numero": "3", "tipo__sigla": "PLO", "tipo__descricao": "PROJETO DE LEI ORDIN\u00c1RIA EXECUTIVO", "autoria": "PMPG", "texto_original": "http://sapl.portogrande.ap.leg.br/media/sapl/public/materialegislativa/2023/794/ple_003_2023_gab_pmpg.pdf", "ementa": "DISP\u00d5E SOBRE AS DIRETRIZES OR\u00c7AMENT\u00c1RIAS \u2013 LDO, PARA A ELABORA\u00c7\u00c3O DA LEI OR\u00c7AMENT\u00c1RIA ANUAL \u2013 LOA DE 2024 E D\u00c1 OUTRAS PROVID\u00caNCIAS."}, {"id": "807", "ano": "2023", "numero": "4", "tipo__sigla": "PLO", "tipo__descricao": "PROJETO DE LEI ORDIN\u00c1RIA EXECUTIVO", "autoria": "PMPG", "texto_original": "http://sapl.portogrande.ap.leg.br/media/sapl/public/materialegislativa/2023/807/projeto_de_lei_no_04.2023-_reajuste_auxiliares_educacionais_1.pdf", "ementa": "\u201cDisp\u00f5e sobre reajuste ao vencimento base dos Auxiliares Educacionais do Sistema P\u00fablico Municipal de Educa\u00e7\u00e3o de Porto\r\nGrande, e d\u00e1 outras provid\u00eancias."}, {"id": "808", "ano": "2023", "numero": "5", "tipo__sigla": "PLO", "tipo__descricao": "PROJETO DE LEI ORDIN\u00c1RIA EXECUTIVO", "autoria": "", "texto_original": "http://sapl.portogrande.ap.leg.br/media/sapl/public/materialegislativa/2023/808/projeto_de_lei_no_005.2023-_piso_salarial_professor_1.pdf", "ementa": "\u201cDisp\u00f5e sobre reajuste e adequa\u00e7\u00e3o da remunera\u00e7\u00e3o m\u00ednima do quadro de Profissionais do Magist\u00e9rio P\u00fablico do Munic\u00edpio de Porto Grande ao Piso Salarial Nacional dos Profissionais do Magist\u00e9rio da Educa\u00e7\u00e3o B\u00e1sica P\u00fablica e d\u00e1 provid\u00eancias correlatas."}, {"id": "816", "ano": "2023", "numero": "6", "tipo__sigla": "PLO", "tipo__descricao": "PROJETO DE LEI ORDIN\u00c1RIA EXECUTIVO", "autoria": "PMPG", "texto_original": "http://sapl.portogrande.ap.leg.br/media/sapl/public/materialegislativa/2023/816/pl_006-2023-_estrutura_administrativa.pdf.pdf", "ementa": "\"Disp\u00f5e sobre a estrutura administrativa da Prefeitura Municipal de Porto Grande, revogando a lei 475/2019, e d\u00e1 outras providencias\""}, {"id": "818", "ano": "2023", "numero": "7", "tipo__sigla": "PLO", "tipo__descricao": "PROJETO DE LEI ORDIN\u00c1RIA EXECUTIVO", "autoria": "PMPG", "texto_original": "http://sapl.portogrande.ap.leg.br/media/sapl/public/materialegislativa/2023/818/pl_07_2023_gab_pmpg_16_mai_2023.pdf", "ementa": "\"Disp\u00f5e sobre a contrata\u00e7\u00e3o por tempo determinado para atender a necessidade tempor\u00e1ria de excepcional interesse p\u00fablico, nos termos do inciso IX do art. 37 da Constitui\u00e7\u00e3o Federal, e d\u00e1 outras provid\u00eancias.\""}, {"id": "863", "ano": "2023", "numero": "9", "tipo__sigla": "PLO", "tipo__descricao": "PROJETO DE LEI ORDIN\u00c1RIA EXECUTIVO", "autoria": "PMPG", "texto_original": "http://sapl.portogrande.ap.leg.br/media/sapl/public/materialegislativa/2023/863/projeto_de_lei_no_009.2023-_equiparacao_microscopistas.pdf", "ementa": "Disp\u00f5e sobre a equipara\u00e7\u00e3o do piso salarial dos Cargo de Microscopista do quadro efetivo aos dos Agentes Comunit\u00e1rios de Sa\u00fade (ACS) e ao do Agente de Combate a Endemias (ACE) no munic\u00edpio de Porto Grande."}, {"id": "950", "ano": "2023", "numero": "10", "tipo__sigla": "PLO", "tipo__descricao": "PROJETO DE LEI ORDIN\u00c1RIA EXECUTIVO", "autoria": "PMPG", "texto_original": "http://sapl.portogrande.ap.leg.br/media/sapl/public/materialegislativa/2023/950/pl._no_010_-_piso_enfermagem.pdf", "ementa": "DISP\u00d5E SOBRE A REGULAMENTA\u00c7\u00c3O DA ASSIST\u00caNCIA FINANCEIRA COMPLEMENTAR REPASSADA PELA UNI\u00c3O FEDERAL VISANDO DAR CUMPRIMENTO AO DISPOSTO NA LEI FEDERAL N\u00ba 14.434, DE 4 DE AGOSTO DE 2022 QUE INSTITUI O PISO SALARIAL NACIONAL DO ENFERMEIRO, DO T\u00c9CNICO DE ENFERMAGEM, DO AUXILIAR DE ENFERMAGEM E DA PARTEIRA DO MUNIC\u00cdPIO DE PORTO GRANDE/AP."}, {"id": "956", "ano": "2023", "numero": "11", "tipo__sigla": "PLO", "tipo__descricao": "PROJETO DE LEI ORDIN\u00c1RIA EXECUTIVO", "autoria": "", "texto_original": "http://sapl.portogrande.ap.leg.br/media/sapl/public/materialegislativa/2023/956/pll_11_2023_gab_pmpg_-_ldo.pdf", "ementa": "DISP\u00d5E SOBRE AS DIRETRIZES OR\u00c7AMENT\u00c1RIAS \u2013 LDO, PARA A ELABORA\u00c7\u00c3O DA LEI OR\u00c7AMENT\u00c1RIA ANUAL \u2013 LOA DE 2024 E D\u00c1 OUTRAS PROVID\u00caNCIAS."}, {"id": "1023", "ano": "2023", "numero": "12", "tipo__sigla": "PLO", "tipo__descricao": "PROJETO DE LEI ORDIN\u00c1RIA EXECUTIVO", "autoria": "PMPG", "texto_original": "http://sapl.portogrande.ap.leg.br/media/sapl/public/materialegislativa/2023/1023/loa__012_2023_gab_pmpg.pdf", "ementa": "PROJETO DE LEI OR\u00c7AMENTARIA ANUAL - LOA, QUE ESTIMA A RECEITA E FIXA A DESPESA DO MUNICIPIO DE PORTO GRANDE PARA O EXERCICIO DE 2024."}, {"id": "1031", "ano": "2023", "numero": "13", "tipo__sigla": "PLO", "tipo__descricao": "PROJETO DE LEI ORDIN\u00c1RIA EXECUTIVO", "autoria": "PMPG", "texto_original": "http://sapl.portogrande.ap.leg.br/media/sapl/public/materialegislativa/2023/1031/pl_013_2023_gab_pmpg.pdf", "ementa": "DISP\u00d5E SOBRE A CRIA\u00c7\u00c3O DO SERVI\u00c7O FAM\u00cdLIA ACOLHEDORA QUE VISA O ACOLHIMENTO PROVIS\u00d3RIO DE CRIAN\u00c7AS E ADOLESCENTES EM SITUA\u00c7\u00c3O DE RISCO, E D\u00c1 OUTRAS PROVID\u00caNCIAS."}, {"id": "1032", "ano": "2023", "numero": "14", "tipo__sigla": "PLO", "tipo__descricao": "PROJETO DE LEI ORDIN\u00c1RIA EXECUTIVO", "autoria": "PMPG", "texto_original": "http://sapl.portogrande.ap.leg.br/media/sapl/public/materialegislativa/2023/1032/pl_14_2023_gab_pmpg.pdf", "ementa": "DISP\u00d5E SOBRE A NOVA COMPOSI\u00c7\u00c3O DO CONSELHO MUNICIPAL DE EDUCA\u00c7\u00c3O DE PORTO GRANDE - CME, REVOGA O ART. 17 DA LEI 072/98 - PMPG E D\u00c1 OUTRAS PROVID\u00caNCIAS."}, {"id": "1033", "ano": "2023", "numero": "15", "tipo__sigla": "PLO", "tipo__descricao": "PROJETO DE LEI ORDIN\u00c1RIA EXECUTIVO", "autoria": "PMPG", "texto_original": "http://sapl.portogrande.ap.leg.br/media/sapl/public/materialegislativa/2023/1033/pl_15_2023_gab_pmpg.pdf", "ementa": "DISP\u00d5E SOBRE POL\u00cdTICA P\u00daBLICA DE ASSIST\u00caNCIA SOCIAL DO MUNIC\u00cdPIO DE PORTO GRANDE E D\u00c1 OUTRAS PROVID\u00caNCIAS."}, {"id": "1038", "ano": "2023", "numero": "16", "tipo__sigla": "PLO", "tipo__descricao": "PROJETO DE LEI ORDIN\u00c1RIA EXECUTIVO", "autoria": "PMPG", "texto_original": "http://sapl.portogrande.ap.leg.br/media/sapl/public/materialegislativa/2023/1038/pl_16_2023_gab_pmpg.pdf", "ementa": "ALTERA A LEI N\u00ba 552/2023 \u2013 PMPG, CRIA A SECRETARIA MUNICIPAL DE PROTE\u00c7\u00c3O E DEFESA CIVIL E D\u00c1 OUTRAS PROVID\u00caNCIAS."}, {"id": "654", "ano": "2023", "numero": "1", "tipo__sigla": "PLL", "tipo__descricao": "PROJETO DE LEI ORDIN\u00c1RIA LEGISLATIVO", "autoria": "ALEX LOPES", "texto_original": "http://sapl.portogrande.ap.leg.br/media/sapl/public/materialegislativa/2023/654/pll_01_2023_gab_ver_alex.pdf.pdf", "ementa": "AUTORIZA O PODER EXECUTIVO MUNICIPAL A REPASSAR AOS AGENTES COMUNIT\u00c1RIOS DE SA\u00daDE (ACS) E AOS AGENTES COMUNIT\u00c1RIOS DE COMBATE \u00c0S ENDEMIAS (ACE) O INCENTIVO FINANCEIRO ADICIONAL - IFA E D\u00c1 OUTRAS PROVID\u00caNCIAS."}, {"id": "655", "ano": "2023", "numero": "2", "tipo__sigla": "PLL", "tipo__descricao": "PROJETO DE LEI ORDIN\u00c1RIA LEGISLATIVO", "autoria": "PROFESSOR NELSON", "texto_original": "http://sapl.portogrande.ap.leg.br/media/sapl/public/materialegislativa/2023/655/pll_02_2023_gab_ver_nelson.pdf", "ementa": "CRIA O PROGRAMA PRA\u00c7A PET \u2013 ESPA\u00c7O P\u00daBLICO PARA C\u00c3ES, NO MUNIC\u00cdPIO DE PORTO GRANDE E ADOTA OUTRAS PROVID\u00caNCIAS."}, {"id": "656", "ano": "2023", "numero": "3", "tipo__sigla": "PLL", "tipo__descricao": "PROJETO DE LEI ORDIN\u00c1RIA LEGISLATIVO", "autoria": "ALEX LOPES", "texto_original": "http://sapl.portogrande.ap.leg.br/media/sapl/public/materialegislativa/2023/656/pll_03_2023_gab_ver_alex.pdf", "ementa": "DISP\u00d5E SOBRE A CRIA\u00c7\u00c3O DE ABRIGO MUNICIPAL DE C\u00c3ES E GATOS, NO \u00c2MBITO DO MUNIC\u00cdPIO DE PORTO GRANDE, E D\u00c1 OUTRAS PROVID\u00caNCIAS."}, {"id": "676", "ano": "2023", "numero": "4", "tipo__sigla": "PLL", "tipo__descricao": "PROJETO DE LEI ORDIN\u00c1RIA LEGISLATIVO", "autoria": "PROFESSOR NELSON", "texto_original": "http://sapl.portogrande.ap.leg.br/media/sapl/public/materialegislativa/2023/676/pll_04_2023_gab_ver_nelson.pdf", "ementa": "Institui o Programa \u201cEmprega Mulher\u201d, destinado \u00e0 capacita\u00e7\u00e3o profissional e gera\u00e7\u00e3o de emprego \u00e0s mulheres chefes de fam\u00edlia, em situa\u00e7\u00e3o de vulnerabilidade social e em situa\u00e7\u00e3o de viol\u00eancia dom\u00e9stica, no \u00e2mbito do Munic\u00edpio de Porto Grande e d\u00e1 outras provid\u00eancias."}, {"id": "679", "ano": "2023", "numero": "5", "tipo__sigla": "PLL", "tipo__descricao": "PROJETO DE LEI ORDIN\u00c1RIA LEGISLATIVO", "autoria": "NAINHA SANTANA", "texto_original": "http://sapl.portogrande.ap.leg.br/media/sapl/public/materialegislativa/2023/679/pll_05_2023_gab_vera_nainha.pdf", "ementa": "INSTITUI O \"DIA MUNICIPAL DOS AGENTES COMUNIT\u00c1RIOS DE SA\u00daDE (ACS) E AGENTES DE COMBATE \u00c0S ENDEMIAS (ACE)\" EM PORTO GRANDE-AP."}, {"id": "680", "ano": "2023", "numero": "6", "tipo__sigla": "PLL", "tipo__descricao": "PROJETO DE LEI ORDIN\u00c1RIA LEGISLATIVO", "autoria": "NAINHA SANTANA", "texto_original": "http://sapl.portogrande.ap.leg.br/media/sapl/public/materialegislativa/2023/680/pll_06_2023_gab_vera_nainha.pdf", "ementa": "\"PREVEN\u00c7\u00c3O, CONSCIENTIZA\u00c7\u00c3O E COMBATE \u00c0 AUTOMUTILA\u00c7\u00c3O ENTRE CRIAN\u00c7AS E ADOLESCENTES.\""}, {"id": "681", "ano": "2023", "numero": "7", "tipo__sigla": "PLL", "tipo__descricao": "PROJETO DE LEI ORDIN\u00c1RIA LEGISLATIVO", "autoria": "NAINHA SANTANA", "texto_original": "http://sapl.portogrande.ap.leg.br/media/sapl/public/materialegislativa/2023/681/pll_07_2023_gab_vera_nainha.pdf", "ementa": "DISP\u00d5E SOBRE CAMPANHA PERMANENTE EM DEFESA DOS DIREITOS DA MULHER E CONTRA AS VIOL\u00caNCIAS E DISCRIMINA\u00c7\u00d5ES DE QUE S\u00c3O V\u00cdTIMAS E D\u00c1 OUTRAS PROVID\u00caNCIAS.\""}, {"id": "688", "ano": "2023", "numero": "9", "tipo__sigla": "PLL", "tipo__descricao": "PROJETO DE LEI ORDIN\u00c1RIA LEGISLATIVO", "autoria": "PROFESSOR NELSON", "texto_original": "http://sapl.portogrande.ap.leg.br/media/sapl/public/materialegislativa/2023/688/pll_09_2023_gab_ver_nelson.pdf", "ementa": "\"AUTORIZA A CRIA\u00c7\u00c3O DO PROGRAMA ALUGUEL SOCIAL NO MUNIC\u00cdPIO DE PORTO GRANDE, E D\u00c1 OUTRAS PROVID\u00caNCIAS.\""}, {"id": "730", "ano": "2023", "numero": "10", "tipo__sigla": "PLL", "tipo__descricao": "PROJETO DE LEI ORDIN\u00c1RIA LEGISLATIVO", "autoria": "PROFESSOR NELSON", "texto_original": "http://sapl.portogrande.ap.leg.br/media/sapl/public/materialegislativa/2023/730/pll_10_2023_gab_ver_nelson.pdf", "ementa": "FICA AUTORIZADO O MUNIC\u00cdPIO A CRIAR O PROGRAMA \"AGENTE JOVEM AMBIENTAL \u2013 AJA\" VOLTADO PARA INCLUS\u00c3O DE JOVENS EM VULNERABILIDADE SOCIAL E D\u00c1 OUTRAS PROVID\u00caNCIAS."}, {"id": "739", "ano": "2023", "numero": "11", "tipo__sigla": "PLL", "tipo__descricao": "PROJETO DE LEI ORDIN\u00c1RIA LEGISLATIVO", "autoria": "PROFESSOR NELSON", "texto_original": "http://sapl.portogrande.ap.leg.br/media/sapl/public/materialegislativa/2023/739/pll_11_2023_gab_ver_nelson.pdf", "ementa": "A Vereadora S\u00d4NIA SANTOS DE SENA, indica o Projeto Legislativo que: CRIA O DOSSI\u00ca DA MULHER PORTOGRANDENSE E D\u00c1 OUTRAS PROVID\u00caNCIAS."}, {"id": "741", "ano": "2023", "numero": "12", "tipo__sigla": "PLL", "tipo__descricao": "PROJETO DE LEI ORDIN\u00c1RIA LEGISLATIVO", "autoria": "PROFESSOR NELSON", "texto_original": "http://sapl.portogrande.ap.leg.br/media/sapl/public/materialegislativa/2023/741/pll_12_2023_gab_ver_nelson.pdf", "ementa": "A Vereadora S\u00d4NIA SANTOS DE SENA, indica o Projeto Legislativo que: DISP\u00d5E SOBRE A INSTITUI\u00c7\u00c3O DO DIA MARIELLE FRANCO - DIA DE LUTA CONTRA O GENOC\u00cdDIO DA MULHER NEGRA NO MUNIC\u00cdPIO DE PORTO GRANDE E D\u00c1 OUTRAS PROVID\u00caNCIAS."}, {"id": "738", "ano": "2023", "numero": "13", "tipo__sigla": "PLL", "tipo__descricao": "PROJETO DE LEI ORDIN\u00c1RIA LEGISLATIVO", "autoria": "PROFESSOR NELSON", "texto_original": "http://sapl.portogrande.ap.leg.br/media/sapl/public/materialegislativa/2023/738/pll_13_2023_gab_ver_nelson.pdf", "ementa": "A Vereadora S\u00d4NIA SANTOS DE SENA, indica o Projeto Legislativo que: INSTITUI O PROGRAMA \"EMPREGA MULHER\", DESTINADO \u00c0 CAPACITA\u00c7\u00c3O PROFISSIONAL E GERA\u00c7\u00c3O DE EMPREGO \u00c0 MULHERES CHEFES DE FAM\u00cdLIA, EM SITUA\u00c7\u00c3O DE VULNERABILIDADE SOCIAL E EM SITUA\u00c7\u00c3O DE VIOL\u00caNCIA DOM\u00c9STICA, NO \u00c2MBITO DO MUNIC\u00cdPIO DE PORTO GRANDE, E D\u00c1 OUTRAS PROVID\u00caNCIAS."}, {"id": "751", "ano": "2023", "numero": "14", "tipo__sigla": "PLL", "tipo__descricao": "PROJETO DE LEI ORDIN\u00c1RIA LEGISLATIVO", "autoria": "GALENO DO VILA NOVA", "texto_original": "http://sapl.portogrande.ap.leg.br/media/sapl/public/materialegislativa/2023/751/pll_14_2023_gab_ver_galeno.pdf", "ementa": "\"TRANSFORMAR A LOCALIDADE DO VILA NOVA, QUE \u00c9 UMA \u00c1REA ABRANGENTE DO DISTRITO DO CUPIXI, EM COMUNIDADE GARIMPEIRA TRADICIONAL NO MUNIC\u00cdPIO DE PORTO GRANDE, ELEVADA A CONDI\u00c7\u00c3O DE LOCALIDADE PELA LEI N\u00b0 2012/2005 DE 01 DE JANEIRO DE 2006, E D\u00c1 OUTRAS PROVID\u00caNCIAS\""}, {"id": "754", "ano": "2023", "numero": "15", "tipo__sigla": "PLL", "tipo__descricao": "PROJETO DE LEI ORDIN\u00c1RIA LEGISLATIVO", "autoria": "PROFESSOR NELSON", "texto_original": "http://sapl.portogrande.ap.leg.br/media/sapl/public/materialegislativa/2023/754/pll_15_2023_gab_ver_nelson.pdf", "ementa": "INSTITUI O DIA MUNICIPAL DA CONSCIENTIZA\u00c7\u00c3O DO AUTISMO NO CALEND\u00c1RIO OFICIAL DE DATAS E EVENTOS DO MUNIC\u00cdPIO DE PORTO GRANDE."}, {"id": "756", "ano": "2023", "numero": "16", "tipo__sigla": "PLL", "tipo__descricao": "PROJETO DE LEI ORDIN\u00c1RIA LEGISLATIVO", "autoria": "PROFESSOR NELSON", "texto_original": "http://sapl.portogrande.ap.leg.br/media/sapl/public/materialegislativa/2023/756/pll_16_2023_gab_ver_nelson.pdf", "ementa": "DISP\u00d5E SOBRE POL\u00cdTICA P\u00daBLICA MUNICIPAL PARA GARANTIA, PROTE\u00c7\u00c3O E AMPLIA\u00c7\u00c3O DOS DIREITOS DAS PESSOAS COM TRANSTORNO DO ESPECTRO AUTISTA (TEA) E SEUS FAMILIARES E D\u00c1 OUTRAS PROVID\u00caNCIAS."}, {"id": "758", "ano": "2023", "numero": "17", "tipo__sigla": "PLL", "tipo__descricao": "PROJETO DE LEI ORDIN\u00c1RIA LEGISLATIVO", "autoria": "PROFESSOR NELSON", "texto_original": "http://sapl.portogrande.ap.leg.br/media/sapl/public/materialegislativa/2023/758/pll_17_2023_gab_ver_nelson.pdf", "ementa": "INSTITUI AS AULAS DE ZUMBA NAS PRA\u00c7AS E PARQUES P\u00daBLICOS NO \u00c2MBITO DO MUNIC\u00cdPIO E D\u00c1 OUTRAS PROVID\u00caNCIAS."}, {"id": "759", "ano": "2023", "numero": "18", "tipo__sigla": "PLL", "tipo__descricao": "PROJETO DE LEI ORDIN\u00c1RIA LEGISLATIVO", "autoria": "PROFESSOR NELSON", "texto_original": "http://sapl.portogrande.ap.leg.br/media/sapl/public/materialegislativa/2023/759/pll_18_2023_gab_ver_nelson.pdf", "ementa": "DISP\u00d5E SOBRE A INSTITUI\u00c7\u00c3O DO DIA MARIELLE FRANCO - DIA DE LUTA CONTRA O GENOC\u00cdDIO DA MULHER NEGRA NO MUNIC\u00cdPIO DE PORTO GRANDE E D\u00c1 OUTRAS PROVID\u00caNCIAS."}, {"id": "761", "ano": "2023", "numero": "19", "tipo__sigla": "PLL", "tipo__descricao": "PROJETO DE LEI ORDIN\u00c1RIA LEGISLATIVO", "autoria": "PROFESSOR NELSON", "texto_original": "http://sapl.portogrande.ap.leg.br/media/sapl/public/materialegislativa/2023/761/pll_19_2023_gab_ver_nelson.pdf", "ementa": "CRIA O DOSSI\u00ca DA MULHER PORTOGRANDENSE E D\u00c1 OUTRAS PROVID\u00caNCIAS."}, {"id": "777", "ano": "2023", "numero": "20", "tipo__sigla": "PLL", "tipo__descricao": "PROJETO DE LEI ORDIN\u00c1RIA LEGISLATIVO", "autoria": "RUY ANDRADE", "texto_original": "http://sapl.portogrande.ap.leg.br/media/sapl/public/materialegislativa/2023/777/pll_20_2023_gab_ver_ruy.pdf", "ementa": "DISP\u00d5E SOBRE MEDIDA DE SEGURAN\u00c7A E COMBATE \u00c0 CRIMINALIDADE NAS ESCOLAS P\u00daBLICAS MUNICIPAIS E D\u00c1 OUTRAS PROVID\u00caNCIAS."}, {"id": "778", "ano": "2023", "numero": "21", "tipo__sigla": "PLL", "tipo__descricao": "PROJETO DE LEI ORDIN\u00c1RIA LEGISLATIVO", "autoria": "RUY ANDRADE", "texto_original": "http://sapl.portogrande.ap.leg.br/media/sapl/public/materialegislativa/2023/778/pll_21_2023_gab_ver_ruy.pdf", "ementa": "DISP\u00d5E SOBRE A INCLUS\u00c3O DE MEDIDAS E CONSCIENTIZA\u00c7\u00c3O, PREVEN\u00c7\u00c3O E COMBATE A DEPRESS\u00c3O, AUTOMUTILA\u00c7\u00c3O E SUIC\u00cdDIO, NO PROJETO PEDAG\u00d3GICO DA ESCOLAS P\u00daBLICAS E PRIVADAS DE EDUCA\u00c7\u00c3O B\u00c1SICA DO MUNIC\u00cdPIO DE PORTO GRANDE E D\u00c1 OUTRAS PROVID\u00caNCIAS."}, {"id": "785", "ano": "2023", "numero": "22", "tipo__sigla": "PLL", "tipo__descricao": "PROJETO DE LEI ORDIN\u00c1RIA LEGISLATIVO", "autoria": "PROFESSOR NELSON", "texto_original": "http://sapl.portogrande.ap.leg.br/media/sapl/public/materialegislativa/2023/785/pll_22_2023_gab_ver_nelson.pdf", "ementa": "DISP\u00d5E SOBRE A UTILIZA\u00c7\u00c3O DA AN\u00c1LISE DO COMPORTAMENTO APLICADA - \"ABA\" COMO SISTEMA DE INCLUS\u00c3O ESCOLAR DOS ALUNOS DIAGNOSTICADOS COM TEA - TRANSTORNO DO ESPECTRO AUTISTA, NA REDE P\u00daBLICA DE ENSINO DO MUN\u00cdCIPIO DE PORTO GRANDE E D\u00c1 OUTRAS PROVID\u00caNCIAS."}, {"id": "788", "ano": "2023", "numero": "23", "tipo__sigla": "PLL", "tipo__descricao": "PROJETO DE LEI ORDIN\u00c1RIA LEGISLATIVO", "autoria": "PROFESSOR NELSON", "texto_original": "http://sapl.portogrande.ap.leg.br/media/sapl/public/materialegislativa/2023/788/pll_23_2023_gab_ver_nelson.pdf", "ementa": "DISP\u00d5E SOBRE A IMPLANTA\u00c7\u00c3O DE DISPOSITIVO ELETR\u00d4NICO DE SEGURAN\u00c7A CONHECIDO COMO \"BOT\u00c3O DO P\u00c2NICO\" NAS ESCOLAS P\u00daBLICAS E PRIVADAS DO MUNICIPIO DE PORTO GRANDE, E D\u00c1 OUTRAS PROVID\u00caNCIAS."}, {"id": "787", "ano": "2023", "numero": "24", "tipo__sigla": "PLL", "tipo__descricao": "PROJETO DE LEI ORDIN\u00c1RIA LEGISLATIVO", "autoria": "PROFESSOR NELSON", "texto_original": "http://sapl.portogrande.ap.leg.br/media/sapl/public/materialegislativa/2023/787/pll_24_2023_gab_ver_nelson.pdf", "ementa": "INSTITUI A POL\u00cdTICA MUNICIPAL DE PREVEN\u00c7\u00c3O E ENFRENTAMENTO \u00c0 ATENTADOS VIOLENTOS PRATICADOS NAS DEPEND\u00caNCIAS DAS ESCOLAS P\u00daBLICAS MUNICIPAIS E DA REDE CONVENIADA E D\u00c1 OUTRAS PROVID\u00caNCIAS."}, {"id": "786", "ano": "2023", "numero": "25", "tipo__sigla": "PLL", "tipo__descricao": "PROJETO DE LEI ORDIN\u00c1RIA LEGISLATIVO", "autoria": "PROFESSOR NELSON", "texto_original": "http://sapl.portogrande.ap.leg.br/media/sapl/public/materialegislativa/2023/786/pll_25_2023_gab_ver_nelson.pdf", "ementa": "AUTORIZA O PODER EXECUTIVO MUNICIPAL A INSTITUIR O PROGRAMA PRAIA ACESS\u00cdVEL NO MUNIC\u00cdPIO DE PORTO GRANDE E D\u00c1 OUTRAS PROVID\u00caNCIAS."}, {"id": "811", "ano": "2023", "numero": "26", "tipo__sigla": "PLL", "tipo__descricao": "PROJETO DE LEI ORDIN\u00c1RIA LEGISLATIVO", "autoria": "SUELI SOUZA", "texto_original": "http://sapl.portogrande.ap.leg.br/media/sapl/public/materialegislativa/2023/811/pl_leg_26_2023_gab_vera_sueli_souza.pdf", "ementa": "INSTITUI O SISTEMA MUNICIPAL DE CULTURA DE PORTO GRANDE, CRIA O FUNDO MUNICIPAL DE CULTURA E O CONSELHO MUNICIPAL DE POL\u00cdTICA CULTURAL, E D\u00c1 OUTRAS PROVID\u00caNCIAS."}, {"id": "830", "ano": "2023", "numero": "27", "tipo__sigla": "PLL", "tipo__descricao": "PROJETO DE LEI ORDIN\u00c1RIA LEGISLATIVO", "autoria": "NARSON SANTOS", "texto_original": "http://sapl.portogrande.ap.leg.br/media/sapl/public/materialegislativa/2023/830/pll_27_2023_gab_ver_narson.pdf", "ementa": "REGULAMENTA A LEI N\u00ba 13.935/2019, DE 11 DE DEZEMBRO DE 2019, QUE DISP\u00d5E SOBRE A PRESTA\u00c7\u00c3O DE SERVI\u00c7O DO PROFISSIONAL DO SERVI\u00c7O SOCIAL NAS REDES P\u00daBLICAS DE EDUCA\u00c7\u00c3O B\u00c1SICA."}, {"id": "831", "ano": "2023", "numero": "28", "tipo__sigla": "PLL", "tipo__descricao": "PROJETO DE LEI ORDIN\u00c1RIA LEGISLATIVO", "autoria": "SUELI SOUZA", "texto_original": "http://sapl.portogrande.ap.leg.br/media/sapl/public/materialegislativa/2023/831/pll_28_2023_gab_vera_sueli.pdf", "ementa": "DISP\u00d5E SOBRE A DENOMINA\u00c7\u00c3O DO POSTO DE SA\u00daDE DA COMUNIDADE DO VILA NOVA, E D\u00c1 OUTRAS PROVID\u00caNCIAS."}, {"id": "841", "ano": "2023", "numero": "30", "tipo__sigla": "PLL", "tipo__descricao": "PROJETO DE LEI ORDIN\u00c1RIA LEGISLATIVO", "autoria": "NAINHA SANTANA", "texto_original": "http://sapl.portogrande.ap.leg.br/media/sapl/public/materialegislativa/2023/841/pl_30_gab_vera_nainha.pdf", "ementa": "\"INSTITUI O FESTIVAL CULTURAL DE M\u00daSICA GOSPEL NO MUNIC\u00cdPIO DE PORTO GRANDE-AP E D\u00c1 OUTRAS PROVID\u00caNCIAS.\""}, {"id": "844", "ano": "2023", "numero": "31", "tipo__sigla": "PLL", "tipo__descricao": "PROJETO DE LEI ORDIN\u00c1RIA LEGISLATIVO", "autoria": "PROFESSOR NELSON", "texto_original": "http://sapl.portogrande.ap.leg.br/media/sapl/public/materialegislativa/2023/844/pl_31_2023_gab_ver_nelson.pdf", "ementa": "Institui no mun\u00edcipio de Porto Grande o Festival municipal de Quadrilhas Juninas, denominado \"Porto Grande Junino\", e d\u00e1 outras provid\u00eancias."}, {"id": "845", "ano": "2023", "numero": "32", "tipo__sigla": "PLL", "tipo__descricao": "PROJETO DE LEI ORDIN\u00c1RIA LEGISLATIVO", "autoria": "PROFESSOR NELSON", "texto_original": "http://sapl.portogrande.ap.leg.br/media/", "ementa": "Institui no  no Calend\u00e1rio Oficial de Eventos do mun\u00edcipio o Festival de Quadrilhas Juninas, no \u00e2mbito do Munic\u00edpio de Porto Grande, e d\u00e1 outras provid\u00eancias."}, {"id": "846", "ano": "2023", "numero": "33", "tipo__sigla": "PLL", "tipo__descricao": "PROJETO DE LEI ORDIN\u00c1RIA LEGISLATIVO", "autoria": "PROFESSOR NELSON", "texto_original": "http://sapl.portogrande.ap.leg.br/media/sapl/public/materialegislativa/2023/846/pl_33_2023_gab_ver_nelson.pdf", "ementa": "Cria o Festival de Quadrilhas Juninas mirins e juvenis dos estabelecimentos de ensino de n\u00edvel fundamental e m\u00e9dio, p\u00fablicos e privados. do munic\u00edpio de Porto Grande e d\u00e1 outras provid\u00eancias."}, {"id": "847", "ano": "2023", "numero": "34", "tipo__sigla": "PLL", "tipo__descricao": "PROJETO DE LEI ORDIN\u00c1RIA LEGISLATIVO", "autoria": "PROFESSOR NELSON", "texto_original": "http://sapl.portogrande.ap.leg.br/media/sapl/public/materialegislativa/2023/847/pl_34_2023_gab_ver_nelson.pdf", "ementa": "INSTITUI NO CALEND\u00c1RIO OFICIAL DE EVENTOS DO MUNIC\u00cdPIO DE PORTO GRANDE O TRADICIONAL BAILE RAINHA DAS FLORES DA ESCOLA ESTADUAL MARIA CRISTINA BOTELHO RODRIGUES E D\u00c1 OUTRAS PROVID\u00caNCIAS."}, {"id": "858", "ano": "2023", "numero": "35", "tipo__sigla": "PLL", "tipo__descricao": "PROJETO DE LEI ORDIN\u00c1RIA LEGISLATIVO", "autoria": "NAINHA SANTANA", "texto_original": "http://sapl.portogrande.ap.leg.br/media/sapl/public/materialegislativa/2023/858/pll_35_2023_gab_vera_nainha.pdf", "ementa": "\"INSTITUI O ESTATUTO MUNICIPAL DA IGUALDADE RACIAL E DE COMBATE \u00c0 INTOLER\u00c2NCIA RACIAL, E D\u00c1 OUTRAS PROVID\u00caNCIAS.\""}, {"id": "868", "ano": "2023", "numero": "36", "tipo__sigla": "PLL", "tipo__descricao": "PROJETO DE LEI ORDIN\u00c1RIA LEGISLATIVO", "autoria": "PROFESSOR NELSON", "texto_original": "http://sapl.portogrande.ap.leg.br/media/sapl/public/materialegislativa/2023/868/pll_36_2023_gab_ver_nelson.pdf", "ementa": "DISP\u00d5E SOBRE O DEVER DE BARES, RESTAURANTES E CASAS NOTURNAS SITUADAS NO MUNIC\u00cdPIO DE PORTO GRANDE ADOTAREM MEDIDAS DE AUX\u00cdLIO \u00c0 MULHERES QUE SE ENCONTREM EM SITUA\u00c7\u00c3O DE RISCO EM SUAS DEPEND\u00caNCIAS, E D\u00c1 OUTRAS PROVID\u00caNCIAS."}, {"id": "902", "ano": "2023", "numero": "37", "tipo__sigla": "PLL", "tipo__descricao": "PROJETO DE LEI ORDIN\u00c1RIA LEGISLATIVO", "autoria": "PROFESSOR NELSON", "texto_original": "http://sapl.portogrande.ap.leg.br/media/sapl/public/materialegislativa/2023/902/pll_37_2023_gab_ver_nelson.pdf", "ementa": "INSTITUI O DIA MUNICIPAL DO FISIOTERAPEUTA, NO MUNIC\u00cdPIO DE PORTO GRANDE E D\u00c1 OUTRAS PROVID\u00caNCIAS."}, {"id": "903", "ano": "2023", "numero": "38", "tipo__sigla": "PLL", "tipo__descricao": "PROJETO DE LEI ORDIN\u00c1RIA LEGISLATIVO", "autoria": "PROFESSOR NELSON", "texto_original": "http://sapl.portogrande.ap.leg.br/media/sapl/public/materialegislativa/2023/903/pll_38_2023_gab_ver_nelson.pdf", "ementa": "INSTITUI NO CALEND\u00c1RIO OFICIAL DE EVENTOS DO MUNIC\u00cdPIO DIA MUNICIPAL DO DJ (DISC-JOCKEY) E DO MC NO MUNIC\u00cdPIO DE PORTO GRANDE E D\u00c1 OUTRAS PROVID\u00caNCIAS."}, {"id": "904", "ano": "2023", "numero": "39", "tipo__sigla": "PLL", "tipo__descricao": "PROJETO DE LEI ORDIN\u00c1RIA LEGISLATIVO", "autoria": "PROFESSOR NELSON", "texto_original": "http://sapl.portogrande.ap.leg.br/media/sapl/public/materialegislativa/2023/904/pll_39_2023_gab_ver_nelson.pdf", "ementa": "DISP\u00d5E SOBRE O PROGRAMA DE INCENTIVO \u00c0 CULTURA DO A\u00c7A\u00cd NO MUNIC\u00cdPIO DE PORTO GRANDE E D\u00c1 OUTRAS PROVID\u00caNCIAS."}, {"id": "905", "ano": "2023", "numero": "40", "tipo__sigla": "PLL", "tipo__descricao": "PROJETO DE LEI ORDIN\u00c1RIA LEGISLATIVO", "autoria": "PROFESSOR NELSON", "texto_original": "http://sapl.portogrande.ap.leg.br/media/sapl/public/materialegislativa/2023/905/pll_40_2023_gab_ver_nelson.pdf", "ementa": "INSTITUI E INCLUI NO CALEND\u00c1RIO OFICIAL DE EVENTOS NO MUNIC\u00cdPIO DE PORTO GRANDE O \u201dDIA DOS ASSISTENTES SOCIAIS\u201d, A SER COMEMORADO NO DIA 15 DE MAIO E D\u00c1 OUTRAS PROVID\u00caNCIAS."}, {"id": "906", "ano": "2023", "numero": "41", "tipo__sigla": "PLL", "tipo__descricao": "PROJETO DE LEI ORDIN\u00c1RIA LEGISLATIVO", "autoria": "PROFESSOR NELSON", "texto_original": "http://sapl.portogrande.ap.leg.br/media/sapl/public/materialegislativa/2023/906/pll_41_2023_gab_ver_nelson.pdf", "ementa": "INSTITUI O PROGRAMA DE FORMA\u00c7\u00c3O CONTINUADA DE DOCENTES PARA A PROMO\u00c7\u00c3O DA IGUALDADE RACIAL E COMBATE \u00c0 DISCRIMINA\u00c7\u00c3O NAS ESCOLAS DA REDE MUNICIPAL DE ENSINO DO MUNIC\u00cdPIO DE PORTO GRANDE E D\u00c1 OUTRAS PROVID\u00caNCIAS."}, {"id": "917", "ano": "2023", "numero": "42", "tipo__sigla": "PLL", "tipo__descricao": "PROJETO DE LEI ORDIN\u00c1RIA LEGISLATIVO", "autoria": "SUELI SOUZA", "texto_original": "http://sapl.portogrande.ap.leg.br/media/sapl/public/materialegislativa/2023/917/pl_42_2023_gab_vera_sueli.pdf", "ementa": "DISP\u00d5E SOBRE A ORGANIZA\u00c7\u00c3O E REALIZA\u00c7\u00c3O DO FESTIVAL DO ABACAXI NO MUNIC\u00cdPIO DE PORTO GRANDE E D\u00c1 OUTRAS PROVID\u00caNCIAS."}, {"id": "949", "ano": "2023", "numero": "43", "tipo__sigla": "PLL", "tipo__descricao": "PROJETO DE LEI ORDIN\u00c1RIA LEGISLATIVO", "autoria": "NAINHA SANTANA", "texto_original": "http://sapl.portogrande.ap.leg.br/media/sapl/public/materialegislativa/2023/949/pll_43_2023_gab_vera_nainha.pdf", "ementa": "\"DECLARA COMO PATRIM\u00d4NIO CULTURAL DE NATUREZA IMATERIAL O CULTIVO DE ABACAXI NO MUNIC\u00cdPIO DE PORTO GRANDE, E D\u00c1 OUTRAS PROVID\u00caNCIAS.\""}, {"id": "1003", "ano": "2023", "numero": "44", "tipo__sigla": "PLL", "tipo__descricao": "PROJETO DE LEI ORDIN\u00c1RIA LEGISLATIVO", "autoria": "PROFESSOR NELSON", "texto_original": "http://sapl.portogrande.ap.leg.br/media/sapl/public/materialegislativa/2023/1003/pdl_44_2023_gab_ver_nelson.pdf", "ementa": "''INSTITUI O PR\u00caMIO CIENTISTA J\u00daNIOR A SER CONFERIDO, ANUALMENTE, PELA C\u00c2MARA DE VEREADORES DE PORTO GRANDE, VISANDO RECONHECER E INCENTIVAR AS PESQUISAS CIENT\u00cdFICAS E TECNOL\u00d3GICAS DESENVOLVIDAS POR ALUNOS DAS ESCOLAS DE EDUCA\u00c7\u00c3O INFANTIL (4 E 5 ANOS), ENSINO FUNDAMENTAL E ENSINO M\u00c9DIO DO MUNIC\u00cdPIO DE PORTO GRANDE.\""}, {"id": "1009", "ano": "2023", "numero": "46", "tipo__sigla": "PLL", "tipo__descricao": "PROJETO DE LEI ORDIN\u00c1RIA LEGISLATIVO", "autoria": "JOLIANNE FONTENELE", "texto_original": "http://sapl.portogrande.ap.leg.br/media/", "ementa": "DISP\u00d5E SOBRE A \"SEMANA MUNICIPAL DA CULTURA EVANG\u00c9LICA E O DIA DO EVANG\u00c9LICO\" EM PORTO GRANDE, COM O OBJETIVO DE RECONHECER E CELEBRAR A CONTRIBUI\u00c7\u00c3O DA COMUNIDADE EVANG\u00c9LICA, PROMOVENDO A UNI\u00c3O ENTRE IGREJAS E ENTIDADES, AL\u00c9M DE EVENTOS CULTURAIS, ART\u00cdSTICOS, EVANGEL\u00cdSTICOS E SOCIAIS."}, {"id": "1017", "ano": "2023", "numero": "47", "tipo__sigla": "PLL", "tipo__descricao": "PROJETO DE LEI ORDIN\u00c1RIA LEGISLATIVO", "autoria": "PROFESSOR NELSON", "texto_original": "http://sapl.portogrande.ap.leg.br/media/sapl/public/materialegislativa/2023/1017/pll_47_2023_gab_ver_nelson.pdf", "ementa": "DISP\u00d5E SOBRE A INCLUS\u00c3O DA ORIGEM E DO PROPOSITOR DOS PROJETOS DE LEI, COMPLEMENTAR OU ORDIN\u00c1RIA, EM LEIS PUBLICADAS NO \u00c2MBITO DO MUNIC\u00cdPIO DE PORTO GRANDE E D\u00c1 OUTRAS PROVID\u00caNCIAS."}, {"id": "1018", "ano": "2023", "numero": "48", "tipo__sigla": "PLL", "tipo__descricao": "PROJETO DE LEI ORDIN\u00c1RIA LEGISLATIVO", "autoria": "PROFESSOR NELSON", "texto_original": "http://sapl.portogrande.ap.leg.br/media/sapl/public/materialegislativa/2023/1018/pll_48_2023_gab_ver_nelson.pdf", "ementa": "AUTORIZA O MUNIC\u00cdPIO DE PORTO GRANDE ATRAV\u00c9S DA SECRETARIA MUNICIPAL DE MEIO AMBIENTE A CONCEDER ISEN\u00c7\u00c3O DE TAXAS DE LICENCIAMENTO AMBIENTAL E CERTID\u00d5ES AOS PRODUTORES DA AGRICULTURA FAMILIAR, E D\u00c1 OUTRAS PROVID\u00caNCIAS."}, {"id": "1019", "ano": "2023", "numero": "49", "tipo__sigla": "PLL", "tipo__descricao": "PROJETO DE LEI ORDIN\u00c1RIA LEGISLATIVO", "autoria": "PROFESSOR NELSON", "texto_original": "http://sapl.portogrande.ap.leg.br/media/sapl/public/materialegislativa/2023/1019/pll_49_2023_gab_ver_nelson.pdf", "ementa": "DISP\u00d5E SOBRE A CRIA\u00c7\u00c3O DA ESCOLINHA DE BALLET PARA CRIAN\u00c7AS E ADOLESCENTES NO \u00c2MBITO DO MUNIC\u00cdPIO DE PORTO GRANDE E D\u00c1 OUTRAS PROVID\u00caNCIAS."}, {"id": "1034", "ano": "2023", "numero": "50", "tipo__sigla": "PLL", "tipo__descricao": "PROJETO DE LEI ORDIN\u00c1RIA LEGISLATIVO", "autoria": "AMIGO DOMINGOS", "texto_original": "http://sapl.portogrande.ap.leg.br/media/sapl/public/materialegislativa/2023/1034/pll_50_2023_gab_ver_domingos.pdf", "ementa": "INSTITUI FERIADO NO ASSENTAMENTO DO MUNGUBA, NO MUNIC\u00cdPIO DE PORTO GRANDE, NO DIA 13 DE DEZEMBRO, EM CELEBRA\u00c7\u00c3O AO DIA DE SANTA LUZIA."}, {"id": "1041", "ano": "2023", "numero": "51", "tipo__sigla": "PLL", "tipo__descricao": "PROJETO DE LEI ORDIN\u00c1RIA LEGISLATIVO", "autoria": "PROFESSOR NELSON", "texto_original": "http://sapl.portogrande.ap.leg.br/media/sapl/public/materialegislativa/2023/1041/pl_51_2023_gab_ver_nelson.pdf", "ementa": "\u00a8INSTITUI A SEMANA MUNICIPAL DA CONSCI\u00caNCIA NEGRA E A\u00c7\u00c3O ANTIRRACISTA NO MUNIC\u00cdPIO DE PORTO GRANDE E D\u00c1 OUTRAS PROVIDENCIAS\u00a8"}, {"id": "872", "ano": "2023", "numero": "1", "tipo__sigla": "PR", "tipo__descricao": "PROJETO DE RESOLU\u00c7\u00c3O", "autoria": "ALEX LOPES", "texto_original": "http://sapl.portogrande.ap.leg.br/media/sapl/public/materialegislativa/2023/872/pr_01_2023_gab_ver_alex.pdf", "ementa": "DISP\u00d5E SOBRE A UTILIZA\u00c7\u00c3O DA TRIBUNA POPULAR NA C\u00c2MARA MUNICIPAL DE VEREADORES DE PORTO GRANDE, PAL\u00c1CIO JOS\u00c9 ANTERO, SEDE DO PODER LEGISLATIVO."}, {"id": "940", "ano": "2023", "numero": "2", "tipo__sigla": "PR", "tipo__descricao": "PROJETO DE RESOLU\u00c7\u00c3O", "autoria": "", "texto_original": "http://sapl.portogrande.ap.leg.br/media/", "ementa": "DISP\u00d5E SOBRE A REALIZA\u00c7\u00c3O DE UMA SESS\u00c3O ITINERANTE NO KM 117 (CAMPO VERDE) NO CENTRO COMUNIT\u00c1RIO, COM TODA A EQUIPE DE TRABALHO E SERVI\u00c7O, EM 28 DE AGOSTO DE 2023 E D\u00c1 OUTRAS PROVID\u00caNCIAS."}, {"id": "961", "ano": "2023", "numero": "3", "tipo__sigla": "PR", "tipo__descricao": "PROJETO DE RESOLU\u00c7\u00c3O", "autoria": "", "texto_original": "http://sapl.portogrande.ap.leg.br/media/", "ementa": "\"DISP\u00d5E SOBRE A REALIZA\u00c7\u00c3O DE UMA SESS\u00c3O ITINERANTE NA COMUNIDADE DO VILA NOVA NO CENTRO COMUNIT\u00c1RIO, COM TODA A EQUIPE DE TRABALHO E SERVI\u00c7O, EM 14 DE OUTUBRO DE 2023 E D\u00c1 OUTRAS PROVID\u00caNCIAS.\""}, {"id": "1053", "ano": "2023", "numero": "4", "tipo__sigla": "PR", "tipo__descricao": "PROJETO DE RESOLU\u00c7\u00c3O", "autoria": "MESA DIRETORA CMPG", "texto_original": "http://sapl.portogrande.ap.leg.br/media/", "ementa": "Disp\u00f5e sobre o pagamento dos valores retroativos referentes ao reajuste de acordo pelo art. 7\u00ba da Lei 490/2020 e d\u00e1 outras provid\u00eancias."}, {"id": "859", "ano": "2023", "numero": "1", "tipo__sigla": "PDL", "tipo__descricao": "PROJETO DE DECRETO LEGISLATIVO", "autoria": "SUELI SOUZA", "texto_original": "http://sapl.portogrande.ap.leg.br/media/sapl/public/materialegislativa/2023/859/pdl_01_2023_gab_vera_sueli.pdf", "ementa": "CONCEDE T\u00cdTULO DE CIDAD\u00c3O PORTOGRANDENSE AO SENHOR RICARDO CARVALHO DE OLIVEIRA, DEFENSOR TITULAR DO N\u00daCLEO DE PORTO GRANDE."}, {"id": "999", "ano": "2023", "numero": "2", "tipo__sigla": "PDL", "tipo__descricao": "PROJETO DE DECRETO LEGISLATIVO", "autoria": "", "texto_original": "http://sapl.portogrande.ap.leg.br/media/sapl/public/materialegislativa/2023/999/pdl_02_2023_mesa_diretora.pdf", "ementa": "DISP\u00d5E SOBRE A APROVA\u00c7\u00c3O DAS CONTAS DE GOVERNO DA PREFEITURA MUNICIPAL DE PORTO GRANDE, REFERENTE AO EXERC\u00cdCIO DE 2005, EM CONFORMIDADE COM O PARECER PR\u00c9VIO EMITIDO PELO TRIBUNAL DE CONTAS DO ESTADO DO AMAP\u00c1, E RECOMENDA\u00c7\u00d5ES PARA A ESTRITA OBSERV\u00c2NCIA DOS PRAZOS DE ENVIO DA PRESTA\u00c7\u00c3O DE CONTAS."}, {"id": "1020", "ano": "2023", "numero": "3", "tipo__sigla": "PDL", "tipo__descricao": "PROJETO DE DECRETO LEGISLATIVO", "autoria": "", "texto_original": "http://sapl.portogrande.ap.leg.br/media/sapl/public/materialegislativa/2023/1020/pdl_03_2023_mesa_diretora.pdf", "ementa": "DISP\u00d5E SOBRE A APROVA\u00c7\u00c3O DAS CONTAS DE GOVERNO DA PREFEITURA MUNICIPAL DE PORTO GRANDE, REFERENTE AO EXERC\u00cdCIO DE 2008, EM CONFORMIDADE COM O PARECER PR\u00c9VIO EMITIDO PELO TRIBUNAL DE CONTAS DO ESTADO DO AMAP\u00c1."}, {"id": "1054", "ano": "2023", "numero": "4", "tipo__sigla": "PDL", "tipo__descricao": "PROJETO DE DECRETO LEGISLATIVO", "autoria": "MESA DIRETORA CMPG", "texto_original": "http://sapl.portogrande.ap.leg.br/media/sapl/public/materialegislativa/2023/1054/pdl_04_2023_mesa_diretora.pdf.pdf", "ementa": "DISP\u00d5E SOBRE A APROVA\u00c7\u00c3O DAS CONTAS DE GOVERNO DA PREFEITURA MUNICIPAL DE PORTO GRANDE, REFERENTE AO EXERC\u00cdCIO DE 2002, EM CONFORMIDADE COM O PARECER PR\u00c9VIO EMITIDO PELO TRIBUNAL DE CONTAS DO ESTADO DO AMAP\u00c1."}, {"id": "652", "ano": "2023", "numero": "1", "tipo__sigla": "REQ", "tipo__descricao": "REQUERIMENTO", "autoria": "PROFESSOR NELSON", "texto_original": "http://sapl.portogrande.ap.leg.br/media/sapl/public/materialegislativa/2023/652/req_01_2023_gab_ver_nelson.pdf", "ementa": "REQUER A CRIA\u00c7\u00c3O DE COMISS\u00c3O ESPECIAL DE ESTUDOS DA REFORMA E ATUALIZA\u00c7\u00c3O DA LEI ORG\u00c2NICA E REGIMENTO INTERNO DA C\u00c2MARA MUNICIPAL DE PORTO GRANDE."}, {"id": "653", "ano": "2023", "numero": "2", "tipo__sigla": "REQ", "tipo__descricao": "REQUERIMENTO", "autoria": "PROFESSOR NELSON", "texto_original": "http://sapl.portogrande.ap.leg.br/media/sapl/public/materialegislativa/2023/653/req_02_2023_gab_ver_nelson.pdf", "ementa": "SEJA REALIZADO A DOA\u00c7\u00c3O DE UM TERRENO MEDINDO 200X200 METROS PARA A CONSTRU\u00c7\u00c3O DO COMPLEXO ESPORTIVO DA LIGA DESPORTIVA DE PORTO GRANDE."}, {"id": "672", "ano": "2023", "numero": "3", "tipo__sigla": "REQ", "tipo__descricao": "REQUERIMENTO", "autoria": "ALEX LOPES", "texto_original": "http://sapl.portogrande.ap.leg.br/media/sapl/public/materialegislativa/2023/672/req_03_2023_gab_ver_alex.pdf", "ementa": "REQUER O USO DA TRIBUNA PARA OS AGENTES COMUNIT\u00c1RIOS DE ENDEMIAS (ACE), PARA QUE POSSAM APRESENTAR O PLANO DE A\u00c7\u00c3O ANUAL DE COMBATE A DENGUE E MAL\u00c1RIA EM NOSSO MUNIC\u00cdPIO."}, {"id": "700", "ano": "2023", "numero": "4", "tipo__sigla": "REQ", "tipo__descricao": "REQUERIMENTO", "autoria": "SUELI SOUZA", "texto_original": "http://sapl.portogrande.ap.leg.br/media/sapl/public/materialegislativa/2023/700/req_04_2023_gab_vera_sueli.pdf", "ementa": "REQUER DA SECRET\u00c1RIA DE SA\u00daDE DO MUNIC\u00cdPIO DE PORTO GRANDE, O LEVANTAMENTO PATRIMONIAL DA ENDEMIAS."}, {"id": "701", "ano": "2023", "numero": "5", "tipo__sigla": "REQ", "tipo__descricao": "REQUERIMENTO", "autoria": "SUELI SOUZA", "texto_original": "http://sapl.portogrande.ap.leg.br/media/sapl/public/materialegislativa/2023/701/req_05_2023_gab_vera_sueli.pdf", "ementa": "REQUER O USO DA TRIBUNA DESTA CASA DE LEIS POR 15 MINUTOS, NA SESS\u00c3O ORDIN\u00c1RIA DO DIA 21 DE MAR\u00c7O \u00c0S 18H, PARA PRONUNCIAMENTO DO DEFENSOR TITULAR DA DEFENSORIA DE PORTO GRANDE, SENHOR RICARDO CARVALHO DE OLIVEIRA."}, {"id": "770", "ano": "2023", "numero": "6", "tipo__sigla": "REQ", "tipo__descricao": "REQUERIMENTO", "autoria": "ALEX LOPES", "texto_original": "http://sapl.portogrande.ap.leg.br/media/sapl/public/materialegislativa/2023/770/req_06_2023_gab_ver_alex.pdf", "ementa": "VENHO REQUERER PEDIDO DE INFORMA\u00c7\u00c3O SOBRE O RECURSO PROVENIENTE DOS ROYALTIES DA CACHOEIRA CALDEIR\u00c3O, RECURSOS H\u00cdDRICOS REFERENTES AO ANO 2022, QUE TINHA PREVIS\u00c3O NA LOA DE MAIS DE 1.200,000,00 (UM MILH\u00c3O E DUZENTOS MIL REAIS), PARA EXERC\u00cdCIO DESSE ANO. SOLICITO REAL VALOR RECEBIDO NESSE REFERENTE ANO DE 2022, E A PRESTA\u00c7\u00c3O DE CONTA DE USO DESSE RECURSO DE FORMA DETALHADA, COM OS EXTRATOS BANC\u00c1RIOS E PLANILHA DE SAQUE E EMPENHO DO USO DO MESMO."}, {"id": "771", "ano": "2023", "numero": "7", "tipo__sigla": "REQ", "tipo__descricao": "REQUERIMENTO", "autoria": "ALEX LOPES", "texto_original": "http://sapl.portogrande.ap.leg.br/media/sapl/public/materialegislativa/2023/771/req_07_2023_gab_ver_alex.pdf", "ementa": "REQUER INFORMA\u00c7\u00d5ES SOBRE A LEI 487/2020 QUE DISP\u00d5E SOBRE A CRIA\u00c7\u00c3O DO CONSELHO E FUNDO MUNICIPAL DO IDOSO EM NOSSO MUNIC\u00cdPIO. SOLICITO INFORMA\u00c7\u00d5ES SOBRE O FUNCIONAMENTO DA LEI QUANTO A DELIBERA\u00c7\u00c3O DO CONSELHO, PRESTA\u00c7\u00c3O DE CONTAS DO RECURSO DO FUNDO MUNICIPAL DO IDOSO, DESDE A VIG\u00caNCIA DA NOVA LEI DE 2020, SE HOUVE RECURSO, SOLICITO EXTRATO BANC\u00c1RIO DO FUNDO E RELAT\u00d3RIO DE SERVI\u00c7OS PRESTADOS QUANTO A POL\u00cdTICAS P\u00daBLICAS PARA ESSE P\u00daBLICO ALVO."}, {"id": "772", "ano": "2023", "numero": "8", "tipo__sigla": "REQ", "tipo__descricao": "REQUERIMENTO", "autoria": "ALEX LOPES", "texto_original": "http://sapl.portogrande.ap.leg.br/media/sapl/public/materialegislativa/2023/772/req_08_2023_gab_ver_alex.pdf", "ementa": "REQUER INFORMA\u00c7\u00d5ES SOBRE A PARALISA\u00c7\u00c3O E ATRASO DE ENTREGA DA OBRA DO CENTRO COMUNIT\u00c1RIO DA COL\u00d4NIA AGR\u00cdCOLA DO MATAPI, NO VALOR DE R$ 600.550,31 (SEISCENTOS MIL, QUINHENTOS E CINQUENTA REAIS E TRINTA E UM CENTAVOS), QUE DEVERIA TER SIDO ENTREGUE EM 18/04/2021, COMPLETANDO 2 ANOS DE ATRASO."}, {"id": "773", "ano": "2023", "numero": "9", "tipo__sigla": "REQ", "tipo__descricao": "REQUERIMENTO", "autoria": "ALEX LOPES", "texto_original": "http://sapl.portogrande.ap.leg.br/media/sapl/public/materialegislativa/2023/773/req_09_2023_gab_ver_alex.pdf", "ementa": "REQUER INFORMA\u00c7\u00d5ES SOBRE A PARALISA\u00c7\u00c3O E ATRASO DE ENTREGA DA OBRA DE REFORMA DO POSTO DE SA\u00daDE WENDER RODRIGUES DE SOUZA DO BAIRRO AEROPORTO, NO VALOR DE R$ 290.991,03 (DUZENTOS E NOVENTA MIL, NOVECENTOS E NOVENTA E UM REAIS E TR\u00caS CENTAVOS), QUE DEVERIA TER SIDO ENTREGUE DIA 12/06/2020, COMPLETANDO 3 ANOS DE ATRASO."}, {"id": "779", "ano": "2023", "numero": "10", "tipo__sigla": "REQ", "tipo__descricao": "REQUERIMENTO", "autoria": "ALEX LOPES", "texto_original": "http://sapl.portogrande.ap.leg.br/media/sapl/public/materialegislativa/2023/779/req_10_2023_gab_ver_alex.pdf", "ementa": "REQUER A CONVOCA\u00c7\u00c3O DO SENHOR MARIO NAZARENO DOS SANTOS COSTA, SECRET\u00c1RIO DE INFRAESTRUTURA,PARA SER INTERPELADO SOBRE ASSUNTOS PERTINENTES A ILUMINA\u00c7\u00c3O P\u00daBLICA, TENDO EM VISTA QUE DESDE O ANO DE 2020, OS RECURSOS DA CIP VEM SENDO REPASSADO AO MUNIC\u00cdPIO E NADA TEM SIDO FEITO PELA GEST\u00c3O NA APLICA\u00c7\u00c3O E NEM PRESTA\u00c7\u00c3O DE CONTAS DESSE RECURSO NO MUNIC\u00cdPIO DE PORTO GRANDE."}, {"id": "780", "ano": "2023", "numero": "11", "tipo__sigla": "REQ", "tipo__descricao": "REQUERIMENTO", "autoria": "ALEX LOPES", "texto_original": "http://sapl.portogrande.ap.leg.br/media/sapl/public/materialegislativa/2023/780/req_11_2023_gab_ver_alex.pdf", "ementa": "REQUER INFORMA\u00c7\u00d5ES SOBRE O CERTAME DAS LICITA\u00c7\u00d5ES DAS REFORMAS DAS ESCOLAS WILSOM FERREIRA E AD\u00c3O FERREIRA, COM TODAS AS INFORMA\u00c7\u00d5ES, CONTRATOS, MODALIDADE DE LICITA\u00c7\u00c3O, PARECER DA CPL, AS PLANILHAS DE PAGAMENTOS E MEDI\u00c7\u00d5ES DESSAS DUAS OBRAS, O PARECER DO TECNICO DA GEST\u00c3O QUE AUTORIZOU O PAGAMENTO E RECEBEU ESSAS OBRAS."}, {"id": "782", "ano": "2023", "numero": "12", "tipo__sigla": "REQ", "tipo__descricao": "REQUERIMENTO", "autoria": "ALEX LOPES", "texto_original": "http://sapl.portogrande.ap.leg.br/media/sapl/public/materialegislativa/2023/782/req_12_2023_gab_ver_alex.pdf", "ementa": "REQUER INFORMA\u00c7\u00d5ES SOBRE A PARALISA\u00c7\u00c3O DA OBRA DO GIN\u00c1SIO QUE FICA ENTRE AS ESCOLAS WILSOM FERREIRA E AD\u00c3O FERREIRA, QUE H\u00c1 ANOS EST\u00c1 PARALISADA, DEIXANDO DE SERVIR AS ESCOLAS E A COMUNIDADE DAQUELE BAIRRO. REQUER O CERTAME COM TODAS AS INFORMA\u00c7\u00d5ES DA OBRA, VALOR QUE FOI PAGO, PORQUE PARALISOU E DEMAIS INFORMA\u00c7\u00d5ES PERTINENTES A ESSA OBRA."}, {"id": "789", "ano": "2023", "numero": "13", "tipo__sigla": "REQ", "tipo__descricao": "REQUERIMENTO", "autoria": "RUY ANDRADE", "texto_original": "http://sapl.portogrande.ap.leg.br/media/", "ementa": "REQUEIRO QUE SEJA CONVOCADO O SENHOR SIVORI CAMILO SANTOS DA ROCHAR, PARA PRESTAR INFORMA\u00c7\u00d5ES SOBRE AS REFORMAS DAS ESCOLAS MUNICIPAIS."}, {"id": "795", "ano": "2023", "numero": "14", "tipo__sigla": "REQ", "tipo__descricao": "REQUERIMENTO", "autoria": "PROFESSOR NELSON", "texto_original": "http://sapl.portogrande.ap.leg.br/media/sapl/public/materialegislativa/2023/795/req_14_2023_gab_ver_nelson.pdf", "ementa": "REQUER O COMPARECIMENTO DO SUPERINTENDENTE REGIONAL DO INSTITUTO NACIONAL DE COLONIZA\u00c7\u00c3O E REFORMA AGR\u00c1RIA (INCRA) AMAP\u00c1 PARA PRESTAR ESCLARECIMENTOS POR CERCA DE 30 MINUTOS, NA C\u00c2MARA MUNICIPAL DE PORTO GRANDE, SOBRE O TRABALHO ORA DESENVOLVIDO PELO REFERIDO \u00d3RG\u00c3O EM NOSSO MUNIC\u00cdPIO."}, {"id": "802", "ano": "2023", "numero": "15", "tipo__sigla": "REQ", "tipo__descricao": "REQUERIMENTO", "autoria": "RUY ANDRADE", "texto_original": "http://sapl.portogrande.ap.leg.br/media/sapl/public/materialegislativa/2023/802/req_n25_ver_ruy.pdf", "ementa": "REQUER AO EXCELENT\u00cdSSIMO SENHOR JOS\u00c9 MARIA BESSA DE OLIVEIRA \u2013 PREFEITO MUNICIPAL DE PORTO GRANDE, QUE NO USO DE SUAS ATRIBUI\u00c7\u00d5ES LEGAIS, ATRAV\u00c9S DOS QUAIS SOLICITO RELA\u00c7\u00c3O DETALHADA DOS ALVAR\u00c1S EXPEDIDOS, TRANSFER\u00caNCIAS DE PROPRIEDADES E EMISS\u00c3O DE T\u00cdTULOS DEFINITIVOS."}, {"id": "803", "ano": "2023", "numero": "16", "tipo__sigla": "REQ", "tipo__descricao": "REQUERIMENTO", "autoria": "RUY ANDRADE", "texto_original": "http://sapl.portogrande.ap.leg.br/media/sapl/public/materialegislativa/2023/803/req_n16_ver_ruy.pdf", "ementa": "REQUER AO EXCELENT\u00cdSSIMO SENHOR JOS\u00c9 MARIA BESSA DE OLIVEIRA \u2013 PREFEITO MUNICIPAL DE PORTO GRANDE, QUE NO USO DE SUAS ATRIBUI\u00c7\u00d5ES LEGAIS, ATRAV\u00c9S DOS QUAIS SOLICITO RELA\u00c7\u00c3O DETALHADA SOBRE AS TAXAS EMITIDAS DO PODER DE POL\u00cdCIA DO MUNIC\u00cdPIO DE PORTO GRANDE REFERENTE AOS \u00daLTIMOS 12 (DOZE) MESES."}, {"id": "827", "ano": "2023", "numero": "17", "tipo__sigla": "REQ", "tipo__descricao": "REQUERIMENTO", "autoria": "ALEX LOPES", "texto_original": "http://sapl.portogrande.ap.leg.br/media/", "ementa": "VENHO REQUERER PEDIDO DE INFORMA\u00c7\u00c3O SOBRE AS PLANILHAS DE MEDI\u00c7\u00c3O DO FATURAMENTO DO CONV\u00caNIO 002/2021-SDC/GEA, REFERENTE AO PER\u00cdODO DE VIG\u00caNCIA DO MESMO."}, {"id": "875", "ano": "2023", "numero": "18", "tipo__sigla": "REQ", "tipo__descricao": "REQUERIMENTO", "autoria": "NARSON SANTOS", "texto_original": "http://sapl.portogrande.ap.leg.br/media/sapl/public/materialegislativa/2023/875/req_18_2023_gab_ver_narson_santos.pdf", "ementa": "REQUER ao Excelent\u00edssimo Senhor JOSE MARIA BESSA DE OLIVEIRA, INFORMA\u00c7\u00d5ES SOBRE OBRAS PARALISADAS NO DISTRITO DO CUPIXI E NA VILA DO KM 142."}, {"id": "908", "ano": "2023", "numero": "19", "tipo__sigla": "REQ", "tipo__descricao": "REQUERIMENTO", "autoria": "ALEX LOPES", "texto_original": "http://sapl.portogrande.ap.leg.br/media/sapl/public/materialegislativa/2023/908/req_19_2023_gab_ver_alex.pdf", "ementa": "REQUER PEDIDO DE INFORMA\u00c7\u00c3O SOBRE O CERTAME COM TODAS AS INFORMA\u00c7\u00d5ES, DA COMPRA DE INSUMOS PARA VE\u00cdCULOS AUTOMOTORES NO VALOR DE 1.050.820,00 (UM MILH\u00c3O E CINQUENTA MIL E OITOCENTOS E VINTE REAIS), NA MODALIDADE PREG\u00c3O - PROCESSO N\u00ba 17052022/01-CPL/PMA, COM TODAS AS NOTAS FISCAIS DO VALOR J\u00c1 LIQUIDADO AT\u00c9 O PRESENTE."}, {"id": "985", "ano": "2023", "numero": "20", "tipo__sigla": "REQ", "tipo__descricao": "REQUERIMENTO", "autoria": "ALEX LOPES", "texto_original": "http://sapl.portogrande.ap.leg.br/media/sapl/public/materialegislativa/2023/985/req_20_2023_gab_ver_alex.pdf", "ementa": "VENHO REQUERER PEDIDO DE INFORMA\u00c7\u00c3O SOBRE O USO DO RECURSO E DO REAL VALOR J\u00c1 RECEBIDO AT\u00c9 O M\u00caS DE SETEMBRO COM O EXTRATO DA CONTA VINCULADA DOS ROYALTIES DA CACHOEIRA CALDEIR\u00c3O DESSE ANO EM EXERC\u00cdCIO, QUE TEM PREVIS\u00c3O OR\u00c7AMENT\u00c1RIA NA LOA DE MAIS DE 1.700,000,00 (UM MILH\u00c3O E SETECENTOS MIL)."}, {"id": "986", "ano": "2023", "numero": "21", "tipo__sigla": "REQ", "tipo__descricao": "REQUERIMENTO", "autoria": "ALEX LOPES", "texto_original": "http://sapl.portogrande.ap.leg.br/media/sapl/public/materialegislativa/2023/986/req_21_2023_gab_ver_alex.pdf", "ementa": "VENHO REQUERER PEDIDO DE INFORMA\u00c7\u00c3O SOBRE A RELA\u00c7\u00c3O DO PATRIM\u00d4NIO DA ENDEMIAS, COM RELAT\u00d3RIO FOTOGR\u00c1FICO E A LOCALIZA\u00c7\u00c3O DOS MESMOS, CASO N\u00c3O ESTEJAM NA SEDE DO PR\u00c9DIO."}, {"id": "1002", "ano": "2023", "numero": "22", "tipo__sigla": "REQ", "tipo__descricao": "REQUERIMENTO", "autoria": "ALEX LOPES", "texto_original": "http://sapl.portogrande.ap.leg.br/media/sapl/public/materialegislativa/2023/1002/req_22_2023_gab_ver_alex.pdf", "ementa": "REQUER PEDIDO DE INFORMA\u00c7\u00c3O SOBRE OS CERTAMES REFERENTE \u00c0 REFORMA DA UBS WENDER RODRIGUES DE SOUZA COM AS MEDI\u00c7\u00d5ES DO CONTRATO N\u00b0 027/2020 - SEMSA/PMPG - BOLETIM 007/2021 NO VALOR: 290.991,03 (DUZENTOS E NOVENTA MIL, NOVECENTOS E NOVENTA E UM REAIS E TR\u00caS CENTAVOS) FEITOS COM RECURSO FEDERAL, E DO LOTE II VALOR ESTIMADO: 148.588,43 (CENTO E QUARENTA E OITO MIL, QUINHENTOS E OITENTA E OITO REAIS E QUARENTA E TR\u00caS CENTAVOS), REFERENTE 2\u00b0 ETAPA DA APLICA\u00c7\u00c3O DOS RECURSOS ORIUNDOS DA LEI N\u00b0 2654, COM TODAS AS NOTAS FISCAIS DO VALOR J\u00c1 LIQUIDADO DOS RECURSOS, AT\u00c9 O PRESENTE MOMENTO."}, {"id": "1037", "ano": "2023", "numero": "23", "tipo__sigla": "REQ", "tipo__descricao": "REQUERIMENTO", "autoria": "ALEX LOPES", "texto_original": "http://sapl.portogrande.ap.leg.br/media/sapl/public/materialegislativa/2023/1037/req_23_2023_gab_ver_alex.pdf", "ementa": "VENHO REQUERER PEDIDO DE INFORMA\u00c7\u00c3O SOBRE O EMPENHO N\u00ba 123007, QUE TRATA DA LOCA\u00c7\u00c3O DE VE\u00cdCULOS PARA ATENDER AS SECRETARIAS DO MUNIC\u00cdPIO DE PORTO GRANDE, NO VALOR DE R$11.500,00 MIL REAIS, COM RESPECTIVA C\u00d3PIA DO CONTRATO N\u00ba 0325/21, E O 3\u00ba TERMO ADITIVO AO CONTRATO N\u00ba 123/2021-SEMAD/PMPG/FENIX, COM DESCRI\u00c7\u00c3O DO VE\u00cdCULO, (PLACA E MODELO), E TODAS AS DEMAIS INFORMA\u00c7\u00d5ES PERTINENTES A ESSA PRESTA\u00c7\u00c3O DE SERVI\u00c7OS."}, {"id": "657", "ano": "2023", "numero": "1", "tipo__sigla": "IND", "tipo__descricao": "INDICA\u00c7\u00c3O", "autoria": "PROFESSOR NELSON", "texto_original": "http://sapl.portogrande.ap.leg.br/media/sapl/public/materialegislativa/2023/657/ind_01_2023_gab_ver_nelson.pdf.pdf", "ementa": "INDICAR AO EXCELENT\u00cdSSIMO SENHOR JOS\u00c9 MARIA BESSA DE OLIVEIRA \u2013 PREFEITO DO MUNIC\u00cdPIO DE PORTO GRANDE, QUE NO USO DE SUAS ATRIBUI\u00c7\u00d5ES LEGAIS DO QUAL SOLICITO A NECESSIDADE DE DOA\u00c7\u00c3O DE UMA \u00c1REA PARA A CONSTRU\u00c7\u00c3O DE UM POLO DA UEAP (UNIVERSIDADE ESTADUAL DO AMAP\u00c1) NO MUNIC\u00cdPIO DE PORTO GRANDE."}, {"id": "658", "ano": "2023", "numero": "2", "tipo__sigla": "IND", "tipo__descricao": "INDICA\u00c7\u00c3O", "autoria": "PROFESSOR NELSON", "texto_original": "http://sapl.portogrande.ap.leg.br/media/sapl/public/materialegislativa/2023/658/ind_02_2023_gab_ver_nelson.pdf.pdf", "ementa": "INDICAR AO EXCELENT\u00cdSSIMO CL\u00c9CIO LU\u00cdS VILHENA VIEIRA \u2013 GOVERNADOR DO ESTADO DO AMAP\u00c1, QUE NO USO DE SUAS ATRIBUI\u00c7\u00d5ES LEGAIS DO QUAL SOLICITO ESPECIAL ATEN\u00c7\u00c3O PARA QUE SEJA REALIZADO COM URG\u00caNCIA A IMPLANTA\u00c7\u00c3O DE UM CENTRO DE HEMODI\u00c1LISE NO HOSPITAL MARIA L\u00daCIA NO MUNIC\u00cdPIO DE PORTO GRANDE."}, {"id": "659", "ano": "2023", "numero": "3", "tipo__sigla": "IND", "tipo__descricao": "INDICA\u00c7\u00c3O", "autoria": "PROFESSOR NELSON", "texto_original": "http://sapl.portogrande.ap.leg.br/media/sapl/public/materialegislativa/2023/659/ind_03_2023_gab_ver_nelson.pdf.pdf", "ementa": "INDICAR AO EXCELENT\u00cdSSIMO CL\u00c9CIO LU\u00cdS VILHENA VIEIRA \u2013 GOVERNADOR DO ESTADO DO AMAP\u00c1, QUE NO USO DE SUAS ATRIBUI\u00c7\u00d5ES LEGAIS DO QUAL SOLICITO ESPECIAL ATEN\u00c7\u00c3O PARA QUE SEJA REALIZADO A IMPLANTA\u00c7\u00c3O DE UM POLO DA UNIVERSIDADE ESTADUAL DO AMAP\u00c1 (UEAP) NO MUNIC\u00cdPIO DE PORTO GRANDE."}, {"id": "660", "ano": "2023", "numero": "4", "tipo__sigla": "IND", "tipo__descricao": "INDICA\u00c7\u00c3O", "autoria": "PROFESSOR NELSON", "texto_original": "http://sapl.portogrande.ap.leg.br/media/sapl/public/materialegislativa/2023/660/ind_04_2023_gab_ver_nelson.pdf.pdf", "ementa": "INDICAR AO EXCELENT\u00cdSSIMO SENHOR DAVI ALCOLUMBRE \u2013 SENADOR DA REP\u00daBLICA FEDERATIVA DO BRASIL PELO DO ESTADO DO AMAP\u00c1, QUE NO USO DE SUAS ATRIBUI\u00c7\u00d5ES LEGAIS DO QUAL SOLICITO ESPECIAL ATEN\u00c7\u00c3O NO SENTIDO DE QUE SEJA LOCADA VERBA DO OR\u00c7AMENTO DA UNI\u00c3O, ATRAV\u00c9S DE EMENDA PARLAMENTAR PARA A IMPLANTA\u00c7\u00c3O DE UM CENTRO OU SALA DE HEMODI\u00c1LISE NO HOSPITAL MARIA L\u00daCIA NO MUNIC\u00cdPIO DE PORTO GRANDE."}, {"id": "661", "ano": "2023", "numero": "5", "tipo__sigla": "IND", "tipo__descricao": "INDICA\u00c7\u00c3O", "autoria": "PROFESSOR NELSON", "texto_original": "http://sapl.portogrande.ap.leg.br/media/sapl/public/materialegislativa/2023/661/ind_05_2023_gab_ver_nelson.pdf.pdf", "ementa": "INDICAR AO EXCELENT\u00cdSSIMO SENHOR DAVI ALCOLUMBRE \u2013 SENADOR DA REP\u00daBLICA FEDERATIVA DO BRASIL PELO DO ESTADO DO AMAP\u00c1, QUE NO USO DE SUAS ATRIBUI\u00c7\u00d5ES LEGAIS DO QUAL SOLICITO ESPECIAL ATEN\u00c7\u00c3O EM NOME DE TODA A COMUNIDADE DE PORTO GRANDE, NO SENTIDO DE QUE SEJA LOCADA VERBA DO OR\u00c7AMENTO DA UNI\u00c3O, ATRAV\u00c9S DE EMENDA PARLAMENTAR, PARA A CONSTRU\u00c7\u00c3O DE UM CENTRO DE REFER\u00caNCIA E ATENDIMENTO ESPECIALIZADO \u00c0S PESSOAS COM TRANSTORNO DO ESPECTRO AUTISTA (TEA) E S\u00cdNDROME DE DOWN, PARA ATENDER NOSSA POPULA\u00c7\u00c3O AUTISTA."}, {"id": "662", "ano": "2023", "numero": "6", "tipo__sigla": "IND", "tipo__descricao": "INDICA\u00c7\u00c3O", "autoria": "NAINHA SANTANA", "texto_original": "http://sapl.portogrande.ap.leg.br/media/sapl/public/materialegislativa/2023/662/ind_06_2023_gab_vera_nainha.pdf.pdf", "ementa": "INDICAR AO SENHOR DAVID COVRE \u2013 SECRET\u00c1RIO DE INFRAESTRUTURA DO ESTADO DO AMAP\u00c1, QUE NO USO DE SUAS ATRIBUI\u00c7\u00d5ES LEGAIS DO QUAL SOLICITO ESPECIAL ATEN\u00c7\u00c3O NO SENTIDO DA ELABORA\u00c7\u00c3O DE PROJETOS DE EXECU\u00c7\u00c3O VOLTADOS A CONCLUS\u00c3O DAS OBRAS DO GOVERNO DO ESTADO, QUE SE ENCONTRAM INACABADAS EM SITUA\u00c7\u00c3O DE ABANDONO NO MUNIC\u00cdPIO DE PORTO GRANDE."}, {"id": "663", "ano": "2023", "numero": "7", "tipo__sigla": "IND", "tipo__descricao": "INDICA\u00c7\u00c3O", "autoria": "ALEX LOPES", "texto_original": "http://sapl.portogrande.ap.leg.br/media/sapl/public/materialegislativa/2023/663/ind_07_2023_gab_ver_alex.pdf", "ementa": "INDICAR A VOSSA EXCEL\u00caNCIA SENHOR, JOS\u00c9 MARIA BESSA DE OLIVEIRA \u2013 PREFEITO MUNICIPAL DE PORTO GRANDE, QUE NO USO DE SUAS ATRIBUI\u00c7\u00d5ES LEGAIS, ATRAV\u00c9S DOS QUAIS POSSA DISPONIBILIZAR UMA \u00c1REA NA EXPANS\u00c3O URBANA, PARA A FINALIDADE DE FAZER O CANIL MUNICIPAL EM NOSSO MUNIC\u00cdPIO."}, {"id": "664", "ano": "2023", "numero": "8", "tipo__sigla": "IND", "tipo__descricao": "INDICA\u00c7\u00c3O", "autoria": "PROFESSOR NELSON", "texto_original": "http://sapl.portogrande.ap.leg.br/media/sapl/public/materialegislativa/2023/664/ind_08_2023_gab_ver_nelson.pdf.pdf", "ementa": "INDICAR AO EXCELENT\u00cdSSIMO CL\u00c9CIO LU\u00cdS VILHENA VIEIRA \u2013 GOVERNADOR DO ESTADO DO AMAP\u00c1, QUE NO USO DE SUAS ATRIBUI\u00c7\u00d5ES LEGAIS DO QUAL SOLICITO ESPECIAL ATEN\u00c7\u00c3O PARA QUE SEJA REALIZADO ESTUDOS PARA A IMPLANTA\u00c7\u00c3O DE UMA UNIDADE DO BATALH\u00c3O DE OPERA\u00c7\u00d5ES POLICIAIS ESPECIAIS DA POL\u00cdCIA MILITAR, NO 7\u00ba BATALH\u00c3O DA POL\u00cdCIA MILITAR, NO MUNIC\u00cdPIO DE PORTO GRANDE PARA ATENDER A REGI\u00c3O CENTRO OESTE DO ESTADO."}, {"id": "665", "ano": "2023", "numero": "9", "tipo__sigla": "IND", "tipo__descricao": "INDICA\u00c7\u00c3O", "autoria": "PROFESSOR NELSON", "texto_original": "http://sapl.portogrande.ap.leg.br/media/sapl/public/materialegislativa/2023/665/ind_09_2023_gab_ver_nelson.pdf.pdf", "ementa": "INDICAR AO EXCELENT\u00cdSSIMO CL\u00c9CIO LU\u00cdS VILHENA VIEIRA \u2013 GOVERNADOR DO ESTADO DO AMAP\u00c1, QUE NO USO DE SUAS ATRIBUI\u00c7\u00d5ES LEGAIS DO QUAL SOLICITO ESPECIAL ATEN\u00c7\u00c3O PARA QUE SEJA REALIZADO ESTUDOS PARA A IMPLANTA\u00c7\u00c3O DE UMA UNIDADE DO CANIL DA POL\u00cdCIA MILITAR NO 7\u00ba BATALH\u00c3O DA POL\u00cdCIA MILITAR NO MUNIC\u00cdPIO DE PORTO GRANDE PARA ATENDER A REGI\u00c3O CENTRO OESTE DO ESTADO."}, {"id": "666", "ano": "2023", "numero": "10", "tipo__sigla": "IND", "tipo__descricao": "INDICA\u00c7\u00c3O", "autoria": "PROFESSOR NELSON", "texto_original": "http://sapl.portogrande.ap.leg.br/media/sapl/public/materialegislativa/2023/666/ind_10_2023_gab_ver_nelson.pdf", "ementa": "INDICAR AO EXCELENT\u00cdSSIMO CL\u00c9CIO LU\u00cdS VILHENA VIEIRA \u2013 GOVERNADOR DO ESTADO DO AMAP\u00c1, QUE NO USO DE SUAS ATRIBUI\u00c7\u00d5ES LEGAIS DO QUAL SOLICITO ESPECIAL ATEN\u00c7\u00c3O PARA QUE SEJA REALIZADO ESTUDOS PARA A IMPLANTA\u00c7\u00c3O DA DELEGACIA ESPECIALIZADA NO ATENDIMENTO \u00c0 MULHER \u2013 DEAM NO MUNIC\u00cdPIO DE PORTO GRANDE."}, {"id": "667", "ano": "2023", "numero": "11", "tipo__sigla": "IND", "tipo__descricao": "INDICA\u00c7\u00c3O", "autoria": "PROFESSOR NELSON", "texto_original": "http://sapl.portogrande.ap.leg.br/media/sapl/public/materialegislativa/2023/667/ind_11_2023_gab_ver_nelson.pdf.pdf", "ementa": "INDICAR AO CEL PM ADILTON DE ARA\u00daJO CORR\u00caA \u2013 COMANDANTE DA POL\u00cdCIA MILITAR DO ESTADO DO AMAP\u00c1, QUE NO USO DE SUAS ATRIBUI\u00c7\u00d5ES LEGAIS DO QUAL SOLICITO ESPECIAL ATEN\u00c7\u00c3O QUE SEJA REALIZADO ESTUDOS PARA A IMPLANTA\u00c7\u00c3O DE UMA UNIDADE DO CANIL DA POL\u00cdCIA MILITAR NO 7\u00ba BATALH\u00c3O DA POL\u00cdCIA MILITAR NO MUNIC\u00cdPIO DE PORTO GRANDE PARA ATENDER A REGI\u00c3O CENTRO OESTE DO ESTADO."}, {"id": "668", "ano": "2023", "numero": "12", "tipo__sigla": "IND", "tipo__descricao": "INDICA\u00c7\u00c3O", "autoria": "NAINHA SANTANA", "texto_original": "http://sapl.portogrande.ap.leg.br/media/sapl/public/materialegislativa/2023/668/ind_12_2023_gab_vera_nainha.pdf.pdf", "ementa": "INDICAR A VOSSA EXCEL\u00caNCIA HIDELGARD GURGEL, DEPUTADO ESTADUAL, QUE NO USO DE SUAS ATRIBUI\u00c7\u00d5ES LEGAIS DO QUAL INDICO A REALIZA\u00c7\u00c3O DE SESS\u00c3O ITINERANTE DA ASSEMBLEIA LEGISLATIVA NO MUNIC\u00cdPIO DE PORTO GRANDE-AP."}, {"id": "669", "ano": "2023", "numero": "13", "tipo__sigla": "IND", "tipo__descricao": "INDICA\u00c7\u00c3O", "autoria": "ALEX LOPES", "texto_original": "http://sapl.portogrande.ap.leg.br/media/sapl/public/materialegislativa/2023/669/ind_13_2023_gab_ver_alex.pdf.pdf", "ementa": "INDICAR A VOSSA EXCEL\u00caNCIA SENHOR DAVI ALCOLUMBRE \u2013 SENADOR DA REP\u00daBLICA DO BRASIL, QUE NO USO DE SUAS ATRIBUI\u00c7\u00d5ES LEGAIS, POSSA ALOCAR UMA EMENDA PARLAMENTAR PARA UM PROGRAMA DE HABITA\u00c7\u00c3O - CONSTRU\u00c7\u00c3O DE CASAS POPULARES EM NOSSO MUNIC\u00cdPIO DE PORTO GRANDE-AP."}, {"id": "670", "ano": "2023", "numero": "14", "tipo__sigla": "IND", "tipo__descricao": "INDICA\u00c7\u00c3O", "autoria": "ALEX LOPES", "texto_original": "http://sapl.portogrande.ap.leg.br/media/sapl/public/materialegislativa/2023/670/ind_14_2023_gab_ver_alex.pdf.pdf", "ementa": "INDICAR A VOSSA EXCEL\u00caNCIA SENHOR JOS\u00c9 MARIA BESSA DE OLIVEIRA \u2013 PREFEITO MUNICIPAL DE PORTO GRANDE, QUE NO USO DE SUAS ATRIBUI\u00c7\u00d5ES LEGAIS, ATRAV\u00c9S DOS QUAIS, POSSA DISPONIBILIZAR UMA \u00c1REA NA EXPANS\u00c3O URBANA, COM A FINALIDADE DE HABITA\u00c7\u00d5ES POPULARES, ATENDENDO A LEI ORG\u00c2NICA DO MUNIC\u00cdPIO E QUE POSSA COM OR\u00c7AMENTO DO TESOURO OU COM ARTICULA\u00c7\u00c3O JUNTO A BANCADA FEDERAL, DISPONIBILIZAR RECURSOS PARA ATENDER PRIORITARIAMENTE AS PESSOAS DE BAIXA RENDA COM A CONSTRU\u00c7\u00c3O DE NO M\u00cdNIMO 80 CASAS PARA AMENIZARMOS ESSE D\u00c9FICIT HABITACIONAL DO NOSSO MUNIC\u00cdPIO DE PORTO GRANDE."}, {"id": "671", "ano": "2023", "numero": "15", "tipo__sigla": "IND", "tipo__descricao": "INDICA\u00c7\u00c3O", "autoria": "ALEX LOPES", "texto_original": "http://sapl.portogrande.ap.leg.br/media/sapl/public/materialegislativa/2023/671/ind_15_2023_gab_ver_alex.pdf.pdf", "ementa": "INDICAR A VOSSA EXCEL\u00caNCIA JOS\u00c9 MARIA BESSA DE OLIVEIRA \u2013 PREFEITO MUNICIPAL DE PORTO GRANDE, QUE NO USO DE SUAS ATRIBUI\u00c7\u00d5ES LEGAIS, ATRAV\u00c9S DOS QUAIS, POSSA DISPONIBILIZAR ATRAV\u00c9S DOS RECURSOS H\u00cdDRICOS QUE S\u00c3O ROYALTIES DA HIDREL\u00c9TRICA CACHOEIRA CALDEIR\u00c3O, POSSA FAZER A AQUISI\u00c7\u00c3O DE KIT DE ENERGIA SOLAR RURAL, PARA ATENDER RIBEIRINHOS DA BACIA DO RIO ARAGUARI E ASSENTAMENTO MANOEL JACINTO DO NOSSO MUNIC\u00cdPIO DE PORTO GRANDE EM FORMA DE COMPENSA\u00c7\u00c3O PELOS IMPACTOS AMBIENTAIS."}, {"id": "673", "ano": "2023", "numero": "16", "tipo__sigla": "IND", "tipo__descricao": "INDICA\u00c7\u00c3O", "autoria": "SUELI SOUZA", "texto_original": "http://sapl.portogrande.ap.leg.br/media/sapl/public/materialegislativa/2023/673/ind_16_2023_gab_vera_sueli.pdf.pdf", "ementa": "INDICAR AO EXCELENT\u00cdSSIMO SENHOR JOS\u00c9 MARIA BESSA DE OLIVEIRA \u2013 PREFEITO MUNICIPAL DE PORTO GRANDE, QUE NO USO DE SUAS ATRIBUI\u00c7\u00d5ES LEGAIS, ATRAV\u00c9S DO QUAL SOLICITO A REFORMA DO PR\u00c9DIO DO CONSELHO TUTELAR COMO PRIORIDADE."}, {"id": "674", "ano": "2023", "numero": "17", "tipo__sigla": "IND", "tipo__descricao": "INDICA\u00c7\u00c3O", "autoria": "SUELI SOUZA", "texto_original": "http://sapl.portogrande.ap.leg.br/media/sapl/public/materialegislativa/2023/674/ind_17_2023_gab_vera_sueli.pdf.pdf", "ementa": "INDICAR AO EXCELENT\u00cdSSIMO SENHOR JOS\u00c9 MARIA BESSA DE OLIVEIRA \u2013 PREFEITO MUNICIPAL DE PORTO GRANDE, QUE NO USO DE SUAS ATRIBUI\u00c7\u00d5ES LEGAIS, ATRAV\u00c9S DO QUAL SOLICITO A REFORMA DO CONSELHO MUNICIPAL DOS DIREITOS DA CRIAN\u00c7A E DO ADOLESCENTE-CMDCA COM URG\u00caNCIA OU AO PROPRIET\u00c1RIO DO PR\u00c9DIO ALUGADO PARA PREFEITURA."}, {"id": "675", "ano": "2023", "numero": "18", "tipo__sigla": "IND", "tipo__descricao": "INDICA\u00c7\u00c3O", "autoria": "SUELI SOUZA", "texto_original": "http://sapl.portogrande.ap.leg.br/media/sapl/public/materialegislativa/2023/675/ind_18_2023_gab_vera_sueli.pdf.pdf", "ementa": "INDICAR AO EXCELENT\u00cdSSIMO SENHOR JOS\u00c9 MARIA BESSA DE OLIVEIRA \u2013 PREFEITO MUNICIPAL DE PORTO GRANDE, QUE NO USO DE SUAS ATRIBUI\u00c7\u00d5ES LEGAIS, ATRAV\u00c9S DO QUAL SOLICITO A REFORMA COM URG\u00caNCIA DOS BRINQUEDOS DA PRA\u00c7A WILSON RAIMUNDO CRUZ DA SILVA."}, {"id": "677", "ano": "2023", "numero": "19", "tipo__sigla": "IND", "tipo__descricao": "INDICA\u00c7\u00c3O", "autoria": "PROFESSOR NELSON", "texto_original": "http://sapl.portogrande.ap.leg.br/media/sapl/public/materialegislativa/2023/677/ind_19_2023_gab_ver_nelson.pdf.pdf", "ementa": "INDICA, com fulcro no Artigo 8 Inciso III, combinado com o Artigo 61 do Regimento Interno da C\u00e2mara Municipal de Porto Grande, a Ilustr\u00edssima Senhora Secret\u00e1ria Municipal de Educa\u00e7\u00e3o Ivaneide Vilhena de Castro Oliveira  que Implemente o M\u00e9todo Teacch na Rede de Ensino P\u00fablica Municipal de Porto Grande, com a finalidade de melhor atender os discentes com Transtorno do Espectro Autista."}, {"id": "678", "ano": "2023", "numero": "20", "tipo__sigla": "IND", "tipo__descricao": "INDICA\u00c7\u00c3O", "autoria": "NARSON SANTOS", "texto_original": "http://sapl.portogrande.ap.leg.br/media/sapl/public/materialegislativa/2023/678/ind_20_2023_gab_ver_narson.pdf.pdf", "ementa": "INDICAR, ao Excelent\u00edssimo Senhor Jos\u00e9 Maria Bessa de Oliveira \u2013 Prefeito Municipal, que no uso de suas atribui\u00e7\u00f5es legais, atrav\u00e9s do qual, solicito QUE SEJA IMPLANTADO UM ANEXO DA ESCOLA MUNICIPAL JOANA MARIA SANTOS, DENTRO DO ASSENTAMENTO NOVA CANA\u00c3, NO MUNICIPIO DE PORTO GRANDE-AP."}, {"id": "682", "ano": "2023", "numero": "21", "tipo__sigla": "IND", "tipo__descricao": "INDICA\u00c7\u00c3O", "autoria": "GURI DO MATAPI", "texto_original": "http://sapl.portogrande.ap.leg.br/media/sapl/public/materialegislativa/2023/682/ind_21_2023_gab_ver_guri.pdf.pdf", "ementa": "INDICAR AO EXCELENT\u00cdSSIMO SENHOR LUCAS BARRETO \u2013 SENADOR PELO ESTADO DO AMAP\u00c1, QUE SEJA VIABILIZADO UMA EMENDA PARLAMENTAR PARA A MANUTEN\u00c7\u00c3O E TERRAPLANAGEM DE 60 km, NA COL\u00d4NIA AGR\u00cdCOLA DO MATAPI."}, {"id": "683", "ano": "2023", "numero": "22", "tipo__sigla": "IND", "tipo__descricao": "INDICA\u00c7\u00c3O", "autoria": "GURI DO MATAPI", "texto_original": "http://sapl.portogrande.ap.leg.br/media/sapl/public/materialegislativa/2023/683/ind_22_2023_gab_ver_guri.pdf.pdf", "ementa": "INDICAR AO EXCELENT\u00cdSSIMO SENHOR DAVI ALCOLUMBRE \u2013 SENADOR PELO ESTADO DO AMAP\u00c1, QUE SEJA VIABILIZADO UMA EMENDA PARLAMENTAR PARA MANUTEN\u00c7\u00c3O E TERRAPLANAGEM DE 60 km, NA COL\u00d4NIA AGR\u00cdCOLA DO MATAPI."}, {"id": "684", "ano": "2023", "numero": "23", "tipo__sigla": "IND", "tipo__descricao": "INDICA\u00c7\u00c3O", "autoria": "GURI DO MATAPI", "texto_original": "http://sapl.portogrande.ap.leg.br/media/sapl/public/materialegislativa/2023/684/ind_23_2023_gab_ver_guri.pdf.pdf", "ementa": "INDICAR AO SENHOR AUGUSTO DANTAS \u2013 DIRETOR PRESIDENTE DA EQUATORIAL ENERGIA - AP, QUE SEJA VIABILIZADO A MANUTEN\u00c7\u00c3O DE PODAGEM DAS \u00c1RVORES EMBAIXO DO LINH\u00c3O, NO PER\u00cdMETRO DA COL\u00d4NIA AGR\u00cdCOLA DO MATAPI."}, {"id": "685", "ano": "2023", "numero": "24", "tipo__sigla": "IND", "tipo__descricao": "INDICA\u00c7\u00c3O", "autoria": "SUELI SOUZA", "texto_original": "http://sapl.portogrande.ap.leg.br/media/sapl/public/materialegislativa/2023/685/ind_24_2023_gab_vera_sueli.pdf.pdf", "ementa": "INDICAR AO EXCELENT\u00cdSSIMO DEPUTADO FEDERAL JOSENILDO ABRANTES, QUE NO USO DE SUAS ATRIBUI\u00c7\u00d5ES LEGAIS, ATRAV\u00c9S DO QUAL SOLICITO UMA EMENDA PARLAMENTAR PARA A CONSTRU\u00c7\u00c3O DA COORDENADORIA MUNICIPAL DA MULHER, NO MUNIC\u00cdPIO DE PORTO GRANDE."}, {"id": "686", "ano": "2023", "numero": "25", "tipo__sigla": "IND", "tipo__descricao": "INDICA\u00c7\u00c3O", "autoria": "SUELI SOUZA", "texto_original": "http://sapl.portogrande.ap.leg.br/media/sapl/public/materialegislativa/2023/686/ind_25_2023_gab_vera_sueli.pdf.pdf", "ementa": "INDICAR AO EXCELENT\u00cdSSIMO GOVERNADOR CL\u00c9CIO LU\u00cdS, QUE NO USO DE ATRIBUI\u00c7\u00d5ES LEGAIS, ATRAV\u00c9S DO QUAL SOLICITO A CONSTRU\u00c7\u00c3O DE UMA QUADRA POLIESPORTIVA NA ESCOLA ESTADUAL JOS\u00c9 RIBAMAR TEIXEIRA, NO MUNIC\u00cdPIO DE PORTO GRANDE."}, {"id": "689", "ano": "2023", "numero": "26", "tipo__sigla": "IND", "tipo__descricao": "INDICA\u00c7\u00c3O", "autoria": "PROFESSOR NELSON", "texto_original": "http://sapl.portogrande.ap.leg.br/media/sapl/public/materialegislativa/2023/689/ind_26_2023_gab_ver_nelson.pdf.pdf", "ementa": "INDICA AO EXCELENT\u00cdSSIMO SENHOR JOS\u00c9 MARIA BESSA DE OLIVEIRA \u2013 PREFEITO DO MUNIC\u00cdPIO DE PORTO GRANDE, QUE NO USO DE SUAS ATRIBUI\u00c7\u00d5ES LEGAIS, ATRAV\u00c9S DOS QUAIS SOLICITO A CONSTRU\u00c7\u00c3O DE COBERTURA DAS ARQUIBANCADAS DO EST\u00c1DIO MUNICIPAL CHARLES BRITO."}, {"id": "690", "ano": "2023", "numero": "27", "tipo__sigla": "IND", "tipo__descricao": "INDICA\u00c7\u00c3O", "autoria": "PROFESSOR NELSON", "texto_original": "http://sapl.portogrande.ap.leg.br/media/sapl/public/materialegislativa/2023/690/ind_27_2023_gab_ver_nelson.pdf.pdf", "ementa": "INDICA AO EXCELENT\u00cdSSIMO SENHOR JOS\u00c9 MARIA BESSA DE OLIVEIRA \u2013 PREFEITO DO MUNIC\u00cdPIO DE PORTO GRANDE, QUE NO USO DE SUAS ATRIBUI\u00c7\u00d5ES LEGAIS, ATRAV\u00c9S DOS QUAIS COM O OBJETIVO DE SUGERIR \u00c0 ADMINISTRA\u00c7\u00c3O MUNICIPAL, A ADO\u00c7\u00c3O DA SEGUINTE MEDIDA POL\u00cdTICO ADMINISTRATIVA DE INTERESSE DA COMUNIDADE: CRIAR O PROGRAMA DE ENTREGA DOMICILIAR GRATUITA DE MEDICAMENTOS DE USO CONT\u00cdNUO \u00c0S PESSOAS COM DEFICI\u00caNCIA E IDOSAS, USU\u00c1RIAS DO SISTEMA \u00daNICO DE SA\u00daDE."}, {"id": "691", "ano": "2023", "numero": "28", "tipo__sigla": "IND", "tipo__descricao": "INDICA\u00c7\u00c3O", "autoria": "PROFESSOR NELSON", "texto_original": "http://sapl.portogrande.ap.leg.br/media/sapl/public/materialegislativa/2023/691/ind_28_2023_gab_ver_nelson.pdf.pdf", "ementa": "INDICA AO EXCELENT\u00cdSSIMO SENHOR JOS\u00c9 MARIA BESSA DE OLIVEIRA \u2013 PREFEITO DO MUNIC\u00cdPIO DE PORTO GRANDE, QUE NO USO DE SUAS ATRIBUI\u00c7\u00d5ES LEGAIS, ATRAV\u00c9S DOS QUAIS COM O OBJETIVO DE SUGERIR \u00c0 ADMINISTRA\u00c7\u00c3O MUNICIPAL, A ADO\u00c7\u00c3O DA SEGUINTE MEDIDA ADMINISTRATIVA DE INTERESSE DA COMUNIDADE ESCOLAR:  PROMOVER ESFOR\u00c7OS PARA QUE ESTE MUNIC\u00cdPIO POSSA SEDIAR O PROJETO CANTANDO MARABAIXO NAS ESCOLAS REALIZADO PELO MOVIMENTO NA\u00c7\u00c3O MARABAIXEIRA."}, {"id": "692", "ano": "2023", "numero": "29", "tipo__sigla": "IND", "tipo__descricao": "INDICA\u00c7\u00c3O", "autoria": "PROFESSOR NELSON", "texto_original": "http://sapl.portogrande.ap.leg.br/media/sapl/public/materialegislativa/2023/692/ind_29_2023_gab_ver_nelson.pdf.pdf", "ementa": "INDICA AO EXCELENT\u00cdSSIMO SENHOR CL\u00c9CIO LU\u00cdS VILHENA VIEIRA \u2013 GOVERNADOR DO ESTADO DO AMAP\u00c1, QUE NO USO DE SUAS ATRIBUI\u00c7\u00d5ES LEGAIS DO QUAL SOLICITO ESPECIAL ATEN\u00c7\u00c3O PARA QUE SEJA REALIZADO COM URG\u00caNCIA A SUBSTITUI\u00c7\u00c3O DA FROTA DE \u00d4NIBUS DO TRANSPORTE P\u00daBLICO ESCOLAR DA REDE ESTADUAL DE ENSINO POR VE\u00cdCULOS CLIMATIZADOS."}, {"id": "693", "ano": "2023", "numero": "30", "tipo__sigla": "IND", "tipo__descricao": "INDICA\u00c7\u00c3O", "autoria": "PROFESSOR NELSON", "texto_original": "http://sapl.portogrande.ap.leg.br/media/sapl/public/materialegislativa/2023/693/ind_30_2023_gab_ver_nelson.pdf.pdf", "ementa": "INDICAR AO SENHOR COMANDANTE GERAL DO CORPO DE BOMBEIRO DO ESTADO DO AMAP\u00c1, CORONEL ALEXANDRE VER\u00cdSSIMO DE FREITAS, QUE NO USO DE SUAS ATRIBUI\u00c7\u00d5ES LEGAIS DO QUAL SOLICITO ESPECIAL ATEN\u00c7\u00c3O NO SENTIDO DA IMPLANTA\u00c7\u00c3O DOS PROJETOS SOCIAIS BOMBEIRO CIDAD\u00c3O E BOMBEIRO MIRIM M\u00daSICO, EM NOSSO MUNIC\u00cdPIO."}, {"id": "694", "ano": "2023", "numero": "31", "tipo__sigla": "IND", "tipo__descricao": "INDICA\u00c7\u00c3O", "autoria": "PROFESSOR NELSON", "texto_original": "http://sapl.portogrande.ap.leg.br/media/sapl/public/materialegislativa/2023/694/ind_31_2023_gab_ver_nelson.pdf.pdf", "ementa": "INDICAR AO SENHOR LADISLAO PEDROSO MONTE, PRESIDENTE DA FECOM\u00c9RCIO - AP, QUE NO USO DE SUAS ATRIBUI\u00c7\u00d5ES LEGAIS DO QUAL SOLICITO A IMPLANTA\u00c7\u00c3O DE UM POLO DO SENAC (SERVI\u00c7O NACIONAL DE APRENDIZAGEM COMERCIAL) E SENAI (SERVI\u00c7O NACIONAL DE APRENDIZAGEM INDUSTRIAL) PARA A IMPLANTA\u00c7\u00c3O DE CURSOS DE QUALIFICA\u00c7\u00c3O PRESENCIAIS EM NOSSO MUNIC\u00cdPIO."}, {"id": "695", "ano": "2023", "numero": "32", "tipo__sigla": "IND", "tipo__descricao": "INDICA\u00c7\u00c3O", "autoria": "SUELI SOUZA", "texto_original": "http://sapl.portogrande.ap.leg.br/media/sapl/public/materialegislativa/2023/695/ind_32_2023_gab_vera_sueli.pdf.pdf", "ementa": "INDICA AO EXCELENT\u00cdSSIMO SENHOR JOS\u00c9 MARIA BESSA DE OLIVEIRA \u2013 PREFEITO MUNICIPAL DE PORTO GRANDE, QUE NO USO DE SUAS ATRIBUI\u00c7\u00d5ES LEGAIS, ATRAV\u00c9S DO QUAL SOLICITO COM URG\u00caNCIA SERVI\u00c7O DE TERRAPLANAGEM EM TODAS AS RUAS DO BAIRRO MANOEL CORTEZ."}, {"id": "696", "ano": "2023", "numero": "33", "tipo__sigla": "IND", "tipo__descricao": "INDICA\u00c7\u00c3O", "autoria": "SUELI SOUZA", "texto_original": "http://sapl.portogrande.ap.leg.br/media/sapl/public/materialegislativa/2023/696/ind_33_2023_gab_vera_sueli.pdf.pdf", "ementa": "INDICA AO EXCELENT\u00cdSSIMO SENHOR JOS\u00c9 MARIA BESSA DE OLIVEIRA \u2013 PREFEITO MUNICIPAL DE PORTO GRANDE, QUE NO USO DE SUAS ATRIBUI\u00c7\u00d5ES LEGAIS, ATRAV\u00c9S DO QUAL SOLICITO COM URG\u00caNCIA A ILUMINA\u00c7\u00c3O P\u00daBLICA DO BAIRRO MANOEL CORTEZ EM TODA A SUA EXTENS\u00c3O."}, {"id": "697", "ano": "2023", "numero": "34", "tipo__sigla": "IND", "tipo__descricao": "INDICA\u00c7\u00c3O", "autoria": "NARSON SANTOS", "texto_original": "http://sapl.portogrande.ap.leg.br/media/sapl/public/materialegislativa/2023/697/ind_34_2023_gab_ver_narson.pdf.pdf", "ementa": "INDICAR, ao Excelent\u00edssimo Senhor Ant\u00f4nio Teles Junior \u2013 Vice Governador do Estado do Amap\u00e1, que no uso de suas atribui\u00e7\u00f5es legais, atrav\u00e9s do qual, solicito QUE SEJA FEITO A REFORMAR EM ALVENARIA E AMPLIA\u00c7\u00c3O DA ESCOLA ESTADUAL FLOREN\u00c7A TORRES DE ARAUJO, NO DISTRITO DO CUPUIXI, NO MUNICIPIO DE PORTO GRANDE-AP."}, {"id": "698", "ano": "2023", "numero": "35", "tipo__sigla": "IND", "tipo__descricao": "INDICA\u00c7\u00c3O", "autoria": "NARSON SANTOS", "texto_original": "http://sapl.portogrande.ap.leg.br/media/sapl/public/materialegislativa/2023/698/ind_35_2023_gab_ver_narson.pdf.pdf", "ementa": "INDICAR, ao Excelent\u00edssimo Senhor Jos\u00e9 Maria Bessa de Oliveira \u2013 Prefeito Municipal, que no uso de suas atribui\u00e7\u00f5es legais, atrav\u00e9s do qual, solicito QUE SEJA FEITO A LIMPEZA DO PO\u00c7O E DA TUBULA\u00c7\u00c3O AT\u00c9 NA CAIXA D\u2019AGUA NO ASSENTAMENTO DO VILA NOVA, NO MUNICIPIO DE PORTO GRANDE-AP."}, {"id": "702", "ano": "2023", "numero": "36", "tipo__sigla": "IND", "tipo__descricao": "INDICA\u00c7\u00c3O", "autoria": "PROFESSOR NELSON", "texto_original": "http://sapl.portogrande.ap.leg.br/media/sapl/public/materialegislativa/2023/702/ind_36_2023_gab_ver_nelson.pdf.pdf", "ementa": "INDICA AO EXCELENT\u00cdSSIMO SENHOR LUCAS CANTU\u00c1RIA BARRETO, SENADOR DA REP\u00daBLICA FEDERATIVA DO BRASIL PELO ESTADO DO AMAP\u00c1, QUE NO USO DE SUAS ATRIBUI\u00c7\u00d5ES LEGAIS, ATRAV\u00c9S DOS QUAIS SOLICITA QUE SEJA LOCADA VERBA DO OR\u00c7AMENTO DA UNI\u00c3O, ATRAV\u00c9S DE EMENDA PARLAMENTAR, PARA A CONSTRU\u00c7\u00c3O DE 150 (CENTO E CINQUENTA) CASAS POPULARES DOS PROGRAMAS SOCIAIS DE HABITA\u00c7\u00c3O PARA ATENDER AS COMUNIDADES RURAIS DE PORTO GRANDE."}, {"id": "703", "ano": "2023", "numero": "37", "tipo__sigla": "IND", "tipo__descricao": "INDICA\u00c7\u00c3O", "autoria": "PROFESSOR NELSON", "texto_original": "http://sapl.portogrande.ap.leg.br/media/sapl/public/materialegislativa/2023/703/ind_37_2023_gab_ver_nelson.pdf.pdf", "ementa": "INDICA A BANCADA FEDERAL, QUE NO USO DE SUAS ATRIBUI\u00c7\u00d5ES LEGAIS, ATRAV\u00c9S DOS QUAIS SOLICITA QUE SEJA LOCADA VERBA DO OR\u00c7AMENTO DA UNI\u00c3O, ATRAV\u00c9S DE EMENDA DE BANCADA, PARA A CONSTRU\u00c7\u00c3O DE 150 (CENTO E CINQUENTA) CASAS POPULARES DOS PROGRAMAS SOCIAIS DE HABITA\u00c7\u00c3O PARA ATENDER AS COMUNIDADES RURAIS DE PORTO GRANDE."}, {"id": "704", "ano": "2023", "numero": "38", "tipo__sigla": "IND", "tipo__descricao": "INDICA\u00c7\u00c3O", "autoria": "PROFESSOR NELSON", "texto_original": "http://sapl.portogrande.ap.leg.br/media/sapl/public/materialegislativa/2023/704/ind_38_2023_gab_ver_nelson.pdf.pdf", "ementa": "INDICA AO EXCELENT\u00cdSSIMO SENHOR DAVI ALCOLUMBRE, SENADOR DA REP\u00daBLICA FEDERATIVA DO BRASIL PELO ESTADO DO AMAP\u00c1, QUE NO USO DE SUAS ATRIBUI\u00c7\u00d5ES LEGAIS, ATRAV\u00c9S DOS QUAIS SOLICITA QUE SEJA LOCADA VERBA DO OR\u00c7AMENTO DA UNI\u00c3O, ATRAV\u00c9S DE EMENDA PARLAMENTAR, PARA A CONSTRU\u00c7\u00c3O DE 150 (CENTO E CINQUENTA) CASAS POPULARES DOS PROGRAMAS SOCIAIS DE HABITA\u00c7\u00c3O PARA ATENDER AS COMUNIDADES RURAIS DE PORTO GRANDE."}, {"id": "705", "ano": "2023", "numero": "39", "tipo__sigla": "IND", "tipo__descricao": "INDICA\u00c7\u00c3O", "autoria": "PROFESSOR NELSON", "texto_original": "http://sapl.portogrande.ap.leg.br/media/sapl/public/materialegislativa/2023/705/ind_39_2023_gab_ver_nelson.pdf.pdf", "ementa": "INDICA AO EXCELENT\u00cdSSIMO SENHOR VIN\u00cdCIUS GURGEL, DEPUTADO FEDERAL PELO ESTADO DO AMAP\u00c1, QUE NO USO DE SUAS ATRIBUI\u00c7\u00d5ES LEGAIS, ATRAV\u00c9S DOS QUAIS SOLICITA QUE SEJA LOCADA VERBA DO OR\u00c7AMENTO DA UNI\u00c3O, ATRAV\u00c9S DE EMENDA PARLAMENTAR, PARA A CONSTRU\u00c7\u00c3O DE UMA PISCINA OL\u00cdMPICA NO QUARTEL DO CORPO DE BOMBEIRO EM PORTO GRANDE, PARA ENTRE OUTRAS FINALIDADES IMPLANTAR PROJETOS SOCIAIS PARA COMUNIDADE."}, {"id": "706", "ano": "2023", "numero": "40", "tipo__sigla": "IND", "tipo__descricao": "INDICA\u00c7\u00c3O", "autoria": "PROFESSOR NELSON", "texto_original": "http://sapl.portogrande.ap.leg.br/media/sapl/public/materialegislativa/2023/706/ind_40_2023_gab_ver_nelson.pdf.pdf", "ementa": "INDICA AO EXCELENT\u00cdSSIMO SENHOR DORINALDO MALAFAIA, DEPUTADO FEDERAL PELO ESTADO DO AMAP\u00c1, QUE NO USO DE SUAS ATRIBUI\u00c7\u00d5ES LEGAIS, ATRAV\u00c9S DOS QUAIS SOLICITA QUE SEJA LOCADA VERBA DO OR\u00c7AMENTO DA UNI\u00c3O, ATRAV\u00c9S DE EMENDA PARLAMENTAR, PARA AQUISI\u00c7\u00c3O DE UM MAM\u00d3GRAFO DIGITAL VISANDO A MODERNIZA\u00c7\u00c3O DO SERVI\u00c7O DE MAMOGRAFIA NO HOSPITAL MARIA L\u00daCIA."}, {"id": "707", "ano": "2023", "numero": "41", "tipo__sigla": "IND", "tipo__descricao": "INDICA\u00c7\u00c3O", "autoria": "PROFESSOR NELSON", "texto_original": "http://sapl.portogrande.ap.leg.br/media/sapl/public/materialegislativa/2023/707/ind_41_2023_gab_ver_nelson.pdf.pdf", "ementa": "INDICA AO EXCELENT\u00cdSSIMO SENHOR LUCAS CANTU\u00c1RIA BARRETO, SENADOR DA REP\u00daBLICA FEDERATIVA DO BRASIL PELO ESTADO DO AMAP\u00c1, QUE NO USO DE SUAS ATRIBUI\u00c7\u00d5ES LEGAIS, ATRAV\u00c9S DOS QUAIS SOLICITA QUE SEJA LOCADA VERBA DO OR\u00c7AMENTO DA UNI\u00c3O, ATRAV\u00c9S DE EMENDA PARLAMENTAR, PARA AQUISI\u00c7\u00c3O DE UM CAMINH\u00c3O PRANCHA CARRETA PARA O MUNIC\u00cdPIO DE PORTO GRANDE."}, {"id": "708", "ano": "2023", "numero": "42", "tipo__sigla": "IND", "tipo__descricao": "INDICA\u00c7\u00c3O", "autoria": "PROFESSOR NELSON", "texto_original": "http://sapl.portogrande.ap.leg.br/media/sapl/public/materialegislativa/2023/708/ind_42_2023_gab_ver_nelson.pdf.pdf", "ementa": "INDICA AO EXCELENT\u00cdSSIMO CL\u00c9CIO LU\u00cdS VILHENA VIEIRA, GOVERNADOR DO ESTADO DO AMAP\u00c1, QUE NO USO DE SUAS ATRIBUI\u00c7\u00d5ES LEGAIS DO QUAL SOLICITO ESPECIAL ATEN\u00c7\u00c3O PARA QUE SEJA REALIZADO A IMPLANTA\u00c7\u00c3O DE UMA ESCOLA C\u00cdVICO MILITAR NO MUNIC\u00cdPIO DE PORTO GRANDE."}, {"id": "709", "ano": "2023", "numero": "43", "tipo__sigla": "IND", "tipo__descricao": "INDICA\u00c7\u00c3O", "autoria": "PROFESSOR NELSON", "texto_original": "http://sapl.portogrande.ap.leg.br/media/sapl/public/materialegislativa/2023/709/ind_43_2023_gab_ver_nelson.pdf.pdf", "ementa": "INDICA AO EXCELENT\u00cdSSIMO SENHOR CL\u00c9CIO LU\u00cdS VILHENA VIEIRA, GOVERNADOR DO ESTADO DO AMAP\u00c1, QUE NO USO DE SUAS ATRIBUI\u00c7\u00d5ES LEGAIS DO QUAL SOLICITO ESPECIAL ATEN\u00c7\u00c3O EM NOME DE TODA A CLASSE EMPRESARIAL DO RAMO MADEIREIRO UMA REUNI\u00c3O PARA TRATAR DA ABERTURA DAS MADEIREIRAS EM NOSSO MUNIC\u00cdPIO, ASSIM COMO O MANEJO FLORESTAL SUSTENT\u00c1VEL ENTRE OUTROS NA VINDA DO GOVERNADOR NO MUNIC\u00cdPIO DE PORTO GRANDE."}, {"id": "710", "ano": "2023", "numero": "44", "tipo__sigla": "IND", "tipo__descricao": "INDICA\u00c7\u00c3O", "autoria": "PROFESSOR NELSON", "texto_original": "http://sapl.portogrande.ap.leg.br/media/sapl/public/materialegislativa/2023/710/ind_44_2023_gab_ver_nelson.pdf.pdf", "ementa": "INDICA A EXCELENT\u00cdSSIMA SENHORA MARIA GORETH DA SILVA E SOUSA, DEPUTADA FEDERAL PELO ESTADO DO AMAP\u00c1, QUE NO USO DE SUAS ATRIBUI\u00c7\u00d5ES LEGAIS DO QUAL SOLICITO ESPECIAL ATEN\u00c7\u00c3O EM NOME DE TODA A COMUNIDADE ESCOLAR DE PORTO GRANDE NO SENTIDO DE QUE SEJA LOCADA VERBA DO OR\u00c7AMENTO DO ESTADO PARA A CONSTRU\u00c7\u00c3O DE UMA PISCINA OL\u00cdMPICA NA ESCOLA ESTADUAL ELIAS DE FREITAS TRAJANO."}, {"id": "711", "ano": "2023", "numero": "45", "tipo__sigla": "IND", "tipo__descricao": "INDICA\u00c7\u00c3O", "autoria": "PROFESSOR NELSON", "texto_original": "http://sapl.portogrande.ap.leg.br/media/sapl/public/materialegislativa/2023/711/ind_45_2023_gab_ver_nelson.pdf.pdf", "ementa": "INDICA AO EXCELENT\u00cdSSIMO SENHOR CL\u00c9CIO LU\u00cdS VILHENA VIEIRA, GOVERNADOR DO ESTADO DO AMAP\u00c1, QUE NO USO DE SUAS ATRIBUI\u00c7\u00d5ES LEGAIS DO QUAL SOLICITO ESPECIAL ATEN\u00c7\u00c3O EM NOME DE TODA A COMUNIDADE ESCOLAR DE PORTO GRANDE NO SENTIDO DE QUE SEJA LOCADA VERBA DO OR\u00c7AMENTO DO ESTADO PARA A CONSTRU\u00c7\u00c3O DE UMA PISCINA OL\u00cdMPICA NA ESCOLA ESTADUAL ELIAS DE FREITAS TRAJANO."}, {"id": "712", "ano": "2023", "numero": "46", "tipo__sigla": "IND", "tipo__descricao": "INDICA\u00c7\u00c3O", "autoria": "AMIGO DOMINGOS", "texto_original": "http://sapl.portogrande.ap.leg.br/media/sapl/public/materialegislativa/2023/712/ind_46_2023_gab_ver_domingos.pdf.pdf", "ementa": "INDICAR A VOSSA EXCEL\u00caNCIA JOS\u00c9 MARIA BESSA DE OLIVEIRA \u2013 PREFEITO MUNICIPAL DE PORTO GRANDE, A LIMPEZA E TERRAPLANAGEM NA RUA PRINCIPAL E EM TODAS AS VICINAIS DO ASSENTAMENTO NOVA COLINA."}, {"id": "713", "ano": "2023", "numero": "47", "tipo__sigla": "IND", "tipo__descricao": "INDICA\u00c7\u00c3O", "autoria": "AMIGO DOMINGOS", "texto_original": "http://sapl.portogrande.ap.leg.br/media/sapl/public/materialegislativa/2023/713/ind_47_2023_gab_ver_domingos.pdf.pdf", "ementa": "INDICAR A VOSSA EXCEL\u00caNCIA JOS\u00c9 MARIA BESSA DE OLIVEIRA \u2013 PREFEITO MUNICIPAL DE PORTO GRANDE, A LIMPEZA E TERRAPLANAGEM NA RUA BRASIL NO BAIRRO COPALMA."}, {"id": "714", "ano": "2023", "numero": "48", "tipo__sigla": "IND", "tipo__descricao": "INDICA\u00c7\u00c3O", "autoria": "AMIGO DOMINGOS", "texto_original": "http://sapl.portogrande.ap.leg.br/media/sapl/public/materialegislativa/2023/714/ind_48_2023_gab_ver_domingos.pdf.pdf", "ementa": "INDICAR A VOSSA EXCEL\u00caNCIA JOS\u00c9 MARIA BESSA DE OLIVEIRA \u2013 PREFEITO MUNICIPAL DE PORTO GRANDE, A LIMPEZA E TERRAPLANAGEM NA RUA PRINCIPAL E EM TODAS AS VICINAIS DO ASSENTAMENTO MUNGUBA."}, {"id": "717", "ano": "2023", "numero": "49", "tipo__sigla": "IND", "tipo__descricao": "INDICA\u00c7\u00c3O", "autoria": "NAINHA SANTANA", "texto_original": "http://sapl.portogrande.ap.leg.br/media/sapl/public/materialegislativa/2023/717/ind_49_2023_gab_vera_nainha.pdf.pdf", "ementa": "INDICA AO EXCELENT\u00cdSSIMO SENHOR JOS\u00c9 MARIA BESSA DE OLIVEIRA \u2013 PREFEITO MUNICIPAL DE PORTO GRANDE-AP, QUE NO USO DE SUAS ATRIBUI\u00c7\u00d5ES DO QUAL SOLICITO ESPECIAL ATEN\u00c7\u00c3O NO SENTIDO DE QUE SEJAM COLOCADAS PLACAS DE IDENTIFICA\u00c7\u00c3O NOMINAL EM TODOS OS PR\u00c9DIOS P\u00daBLICOS DO MUNIC\u00cdPIO DE PORTO GRANDE."}, {"id": "718", "ano": "2023", "numero": "50", "tipo__sigla": "IND", "tipo__descricao": "INDICA\u00c7\u00c3O", "autoria": "GURI DO MATAPI", "texto_original": "http://sapl.portogrande.ap.leg.br/media/sapl/public/materialegislativa/2023/718/ind_50_2023_gab_ver_guri.pdf.pdf", "ementa": "INDICAR. Ao Excelent\u00edssimo Senhor JOSE MARIA BESSA DE OLIVEIRA - Prefeito Municipal de Porto Grande, que seja FEITO A MANUTEN\u00c7\u00c3O E RECAPEAMENTO DA RUA PRINCIPAL DA AREA 6 (NOVA ESPERAN\u00c7A)"}, {"id": "719", "ano": "2023", "numero": "51", "tipo__sigla": "IND", "tipo__descricao": "INDICA\u00c7\u00c3O", "autoria": "SUELI SOUZA", "texto_original": "http://sapl.portogrande.ap.leg.br/media/sapl/public/materialegislativa/2023/719/ind_51_2023_gab_vera_sueli.pdf.pdf", "ementa": "INDICA A EXCELENT\u00cdSSIMA DEPUTADA FEDERAL GORETH SOUZA \u2013 PDT, QUE NO USO DE SUAS ATRIBUI\u00c7\u00d5ES LEGAIS, ATRAV\u00c9S DO QUAL SOLICITO EMENDA PARLAMENTAR PARA COMPRA DE TR\u00caS JIPES MARRU\u00c1 AM200 ESCOLAR COM CABINE PARA 15 PASSAGEIROS."}, {"id": "720", "ano": "2023", "numero": "52", "tipo__sigla": "IND", "tipo__descricao": "INDICA\u00c7\u00c3O", "autoria": "SUELI SOUZA", "texto_original": "http://sapl.portogrande.ap.leg.br/media/sapl/public/materialegislativa/2023/720/ind_52_2023_gab_vera_sueli.pdf.pdf", "ementa": "INDICA AO EXCELENT\u00cdSSIMO DEPUTADO FEDERAL JOSENILDO ABRANTES \u2013 PDT, QUE NO USO DE SUAS ATRIBUI\u00c7\u00d5ES LEGAIS, ATRAV\u00c9S DO QUAL SOLICITO EMENDA PARLAMENTAR PARA A CONSTRU\u00c7\u00c3O DE UMA ESCOLA DE ENSINO FUNDAMENTAL I E II NO BAIRRO MANOEL CORTEZ, MUNIC\u00cdPIO DE PORTO GRANDE-AP."}, {"id": "721", "ano": "2023", "numero": "53", "tipo__sigla": "IND", "tipo__descricao": "INDICA\u00c7\u00c3O", "autoria": "SUELI SOUZA", "texto_original": "http://sapl.portogrande.ap.leg.br/media/sapl/public/materialegislativa/2023/721/ind_53_2023_gab_vera_sueli.pdf.pdf", "ementa": "INDICA A SECRET\u00c1RIA DE ESTADO DE EDUCA\u00c7\u00c3O SENHORA SANDRA CASIMIRO, QUE NO USO DE SUAS ATRIBUI\u00c7\u00d5ES LEGAIS, ATRAV\u00c9S DO QUAL SOLICITO QUE COLOQUE UM FUNCION\u00c1RIO LOTADO PELA SECRETARIA DE EDUCA\u00c7\u00c3O \u00c0 DISPOSI\u00c7\u00c3O DO SIAC-SUPER F\u00c1CIL, PARA ATENDIMENTO DO GUICH\u00ca SUPER F\u00c1CIL EDUCA\u00c7\u00c3O."}, {"id": "722", "ano": "2023", "numero": "54", "tipo__sigla": "IND", "tipo__descricao": "INDICA\u00c7\u00c3O", "autoria": "SUELI SOUZA", "texto_original": "http://sapl.portogrande.ap.leg.br/media/sapl/public/materialegislativa/2023/722/ind_54_2023_gab_vera_sueli.pdf.pdf", "ementa": "INDICA AO EXCELENT\u00cdSSIMO SENHOR DAVI ALCOLUMBRE \u2013 SENADOR PELO ESTADO DO AMAP\u00c1, QUE NO USO DE SUAS ATRIBUI\u00c7\u00d5ES LEGAIS, ATRAV\u00c9S DO QUAL SOLICITO RECURSO PARA MANUTEN\u00c7\u00c3O DE FUNCIONAMENTO DE RECURSO HUMANO NO CAPS DE PORTO GRANDE."}, {"id": "723", "ano": "2023", "numero": "55", "tipo__sigla": "IND", "tipo__descricao": "INDICA\u00c7\u00c3O", "autoria": "SUELI SOUZA", "texto_original": "http://sapl.portogrande.ap.leg.br/media/sapl/public/materialegislativa/2023/723/ind_55_2023_gab_vera_sueli.pdf.pdf", "ementa": "INDICA AO EXCELENT\u00cdSSIMO DEPUTADO FEDERAL JOSENILDO ABRANTES \u2013 PDT, QUE NO USO DE SUAS ATRIBUI\u00c7\u00d5ES LEGAIS, ATRAV\u00c9S DO QUAL SOLICITO RECURSO PARA A CONSTRU\u00c7\u00c3O DE UM CANIL MUNICIPAL."}, {"id": "724", "ano": "2023", "numero": "56", "tipo__sigla": "IND", "tipo__descricao": "INDICA\u00c7\u00c3O", "autoria": "PROFESSOR NELSON", "texto_original": "http://sapl.portogrande.ap.leg.br/media/sapl/public/materialegislativa/2023/724/ind_56_2023_gab_ver_nelson.pdf.pdf", "ementa": "INDICA AO EXCELENT\u00cdSSIMO SENHOR JOS\u00c9 MARIA BESSA DE OLIVEIRA \u2013 PREFEITO DO MUNIC\u00cdPIO DE PORTO GRANDE, QUE NO USO DE SUAS ATRIBUI\u00c7\u00d5ES LEGAIS, ATRAV\u00c9S DOS QUAIS SOLICITA QUE SEJA REALIZADO A DOA\u00c7\u00c3O DE UM TERRENO MEDINDO 200X200 METROS PARA A CONSTRU\u00c7\u00c3O DO COMPLEXO ESPORTIVO DA LIGA DESPORTIVA DE PORTO GRANDE."}, {"id": "725", "ano": "2023", "numero": "57", "tipo__sigla": "IND", "tipo__descricao": "INDICA\u00c7\u00c3O", "autoria": "PROFESSOR NELSON", "texto_original": "http://sapl.portogrande.ap.leg.br/media/sapl/public/materialegislativa/2023/725/ind_57_2023_gab_ver_nelson.pdf.pdf", "ementa": "INDICA AO EXCELENT\u00cdSSIMO SENHOR VINICIUS DE AZEVEDO GURGEL \u2013 DEPUTADO FEDERAL PELO ESTADO DO AMAP\u00c1, QUE NO USO DE SUAS ATRIBUI\u00c7\u00d5ES LEGAIS, ATRAV\u00c9S DOS QUAIS SOLICITA QUE SEJA LOCADA VERBA DO OR\u00c7AMENTO DA UNI\u00c3O, ATRAV\u00c9S DE EMENDA PARLAMENTAR, PARA A AQUISI\u00c7\u00c3O DE UM MICRO-\u00d4NIBUS PARA ATENDER OS PROJETOS ESPORTIVOS SOCIAIS DO MUNIC\u00cdPIO DE PORTO GRANDE."}, {"id": "726", "ano": "2023", "numero": "58", "tipo__sigla": "IND", "tipo__descricao": "INDICA\u00c7\u00c3O", "autoria": "PROFESSOR NELSON", "texto_original": "http://sapl.portogrande.ap.leg.br/media/sapl/public/materialegislativa/2023/726/ind_58_2023_gab_ver_nelson.pdf.pdf", "ementa": "INDICA AO EXCELENT\u00cdSSIMO SENHOR DAVI ALCOLUMBRE \u2013 SENADOR DA REP\u00daBLICA FEDERATIVA DO BRASIL PELO ESTADO DO AMAP\u00c1, QUE NO USO DE SUAS ATRIBUI\u00c7\u00d5ES LEGAIS, ATRAV\u00c9S DOS QUAIS SOLICITA QUE SEJA LOCADA VERBA DO OR\u00c7AMENTO DA UNI\u00c3O, ATRAV\u00c9S DE EMENDA PARLAMENTAR, PARA A AQUISI\u00c7\u00c3O DE UM MICRO-\u00d4NIBUS PARA ATENDER OS PROJETOS ESPORTIVOS SOCIAIS DO MUNIC\u00cdPIO DE PORTO GRANDE."}, {"id": "727", "ano": "2023", "numero": "59", "tipo__sigla": "IND", "tipo__descricao": "INDICA\u00c7\u00c3O", "autoria": "PROFESSOR NELSON", "texto_original": "http://sapl.portogrande.ap.leg.br/media/sapl/public/materialegislativa/2023/727/ind_59_2023_gab_ver_nelson.pdf.pdf", "ementa": "INDICA AO EXCELENT\u00cdSSIMO SENHOR DORINALDO MALAFAIA \u2013 DEPUTADO FEDERAL PELO ESTADO DO AMAP\u00c1, QUE NO USO DE SUAS ATRIBUI\u00c7\u00d5ES LEGAIS, ATRAV\u00c9S DOS QUAIS SOLICITA QUE SEJA LOCADA VERBA DO OR\u00c7AMENTO DA UNI\u00c3O, ATRAV\u00c9S DE EMENDA PARLAMENTAR PARA A AQUISI\u00c7\u00c3O DE UMA VAN PARA TRANSPORTAR PACIENTE COM C\u00c2NCER EM NOSSO MUNIC\u00cdPIO."}, {"id": "728", "ano": "2023", "numero": "60", "tipo__sigla": "IND", "tipo__descricao": "INDICA\u00c7\u00c3O", "autoria": "SUELI SOUZA", "texto_original": "http://sapl.portogrande.ap.leg.br/media/sapl/public/materialegislativa/2023/728/ind_60_2023_gab_vera_sueli.pdf.pdf", "ementa": "INDICA AO EXCELENT\u00cdSSIMO SENHOR JOS\u00c9 MARIA BESSA DE OLIVEIRA \u2013 PREFEITO DO MUNIC\u00cdPIO DE PORTO GRANDE, QUE NO USO DE SUAS ATRIBUI\u00c7\u00d5ES LEGAIS, ATRAV\u00c9S DO QUAL SOLICITO A DOA\u00c7\u00c3O DE UM TERRENO PARA A CONSTRU\u00c7\u00c3O DE UM CANIL MUNICIPAL."}, {"id": "729", "ano": "2023", "numero": "61", "tipo__sigla": "IND", "tipo__descricao": "INDICA\u00c7\u00c3O", "autoria": "SUELI SOUZA", "texto_original": "http://sapl.portogrande.ap.leg.br/media/sapl/public/materialegislativa/2023/729/ind_61_2023_gab_vera_sueli.pdf.pdf", "ementa": "INDICA AO EXCELENT\u00cdSSIMO DEPUTADO FEDERAL VINICIUS GURGEL, QUE NO USO DE SUAS ATRIBUI\u00c7\u00d5ES LEGAIS, ATRAV\u00c9S DO QUAL SOLICITO RECURSO DE EMENDA PARA COMPRA DE UM CAMINH\u00c3O PARA ATENDER OS AGRICULTORES DO CAMPO VERDE NA PERIMETRAL NORTE E ESTRADA DE FERRO DO AMAP\u00c1."}, {"id": "731", "ano": "2023", "numero": "62", "tipo__sigla": "IND", "tipo__descricao": "INDICA\u00c7\u00c3O", "autoria": "AMIGO DOMINGOS", "texto_original": "http://sapl.portogrande.ap.leg.br/media/sapl/public/materialegislativa/2023/731/ind_62_2023_gab_ver_domingos.pdf.pdf", "ementa": "INDICA A VOSSA EXCEL\u00caNCIA JOS\u00c9 MARIA BESSA DE OLIVEIRA \u2013 PREFEITO MUNICIPAL DE PORTO GRANDE, A ILUMINA\u00c7\u00c3O P\u00daBLICA EM TODA A EXTENS\u00c3O DO BAIRRO COPALMA."}, {"id": "732", "ano": "2023", "numero": "63", "tipo__sigla": "IND", "tipo__descricao": "INDICA\u00c7\u00c3O", "autoria": "NARSON SANTOS", "texto_original": "http://sapl.portogrande.ap.leg.br/media/sapl/public/materialegislativa/2023/732/ind_63_2023_gab_ver_narson.pdf.pdf", "ementa": "INDICA AO EXCELENT\u00cdSSIMO DEPUTADO FEDERAL VINICIUS GURGEL, QUE NO USO DE SUAS ATRIBUI\u00c7\u00d5ES LEGAIS, ATRAV\u00c9S DOS QUAIS SOLICITA QUE SEJA LOCADA UMA EMENDA PARLAMENTAR NO VALOR DE 700.000,00 (SETECENTOS MIL REAIS) PARA A COMPRA DE EQUIPAMENTOS PARA A NOVA C\u00c2MARA MUNICIPAL."}, {"id": "733", "ano": "2023", "numero": "64", "tipo__sigla": "IND", "tipo__descricao": "INDICA\u00c7\u00c3O", "autoria": "NARSON SANTOS", "texto_original": "http://sapl.portogrande.ap.leg.br/media/sapl/public/materialegislativa/2023/733/ind_64_2023_gab_ver_narson.pdf.pdf", "ementa": "INDICA AO EXCELENT\u00cdSSIMO DEPUTADO FEDERAL VINICIUS GURGEL, QUE NO USO DE SUAS ATRIBUI\u00c7\u00d5ES LEGAIS, ATRAV\u00c9S DOS QUAIS SOLICITA QUE SEJA LOCADA VERBA DO OR\u00c7AMENTO DA UNI\u00c3O, ATRAV\u00c9S DOS QUAIS SOLICITA QUE SEJA LOCADA UMA EMENDA PARLAMENTAR NO VALOR DE 350.000,00 (TREZENTOS E CINQUENTA MIL REAIS) PARA A COMPRA DE UMA PICKUT PARA ATENDER OS TRABALHOS ADMINISTRATIVOS DA C\u00c2MARA MUNICIPAL."}, {"id": "734", "ano": "2023", "numero": "65", "tipo__sigla": "IND", "tipo__descricao": "INDICA\u00c7\u00c3O", "autoria": "PROFESSOR NELSON", "texto_original": "http://sapl.portogrande.ap.leg.br/media/sapl/public/materialegislativa/2023/734/ind_65_2023_gab_ver_nelson.pdf.pdf", "ementa": "A Vereadora S\u00d4NIA SANTOS DE SENA, INDICA AO EXCELENT\u00cdSSIMO SENHOR DAVI ALCOLUMBRE, QUE NO USO DE SUAS ATRIBUI\u00c7\u00d5ES LEGAIS DO QUAL SOLICITO ESPECIAL ATEN\u00c7\u00c3O EM NOME DE TODO O POVO DE PORTO GRANDE, EM ESPECIAL OS RIBEIRINHOS, NO SENTIDO QUE SEJA LOCADA VERBA DO OR\u00c7AMENTO DA UNI\u00c3O, ATRAV\u00c9S DE EMENDA PARLAMENTAR, PARA A AQUISI\u00c7\u00c3O DE UMA AMBULANCHA."}, {"id": "735", "ano": "2023", "numero": "66", "tipo__sigla": "IND", "tipo__descricao": "INDICA\u00c7\u00c3O", "autoria": "PROFESSOR NELSON", "texto_original": "http://sapl.portogrande.ap.leg.br/media/sapl/public/materialegislativa/2023/735/ind_66_2023_gab_ver_nelson.pdf.pdf", "ementa": "A Vereadora S\u00d4NIA SANTOS DE SENA, INDICA AO EXCELENT\u00cdSSIMO SENHOR JOS\u00c9 MARIA BESSA DE OLIVEIRA, QUE NO USO DE SUAS ATRIBUI\u00c7\u00d5ES LEGAIS, VEM ATRAV\u00c9S DO QUAL, SOLICITAR QUE SEJA EXECUTADA A LEI QUE INSTITUI O DIA 17 DE NOVEMBRO COMO DIA DE PREVEN\u00c7\u00c3O, ORIENTA\u00c7\u00c3O E COMBATE AO C\u00c2NCER DE PR\u00d3STATA NO \u00c2MBITO DO MUNICIPIO E D\u00c1 OUTRAS PROVID\u00caNCIAS, EM CARAT\u00c9R DE URG\u00caNCIA."}, {"id": "736", "ano": "2023", "numero": "67", "tipo__sigla": "IND", "tipo__descricao": "INDICA\u00c7\u00c3O", "autoria": "PROFESSOR NELSON", "texto_original": "http://sapl.portogrande.ap.leg.br/media/sapl/public/materialegislativa/2023/736/ind_67_2023_gab_ver_nelson.pdf.pdf", "ementa": "A Vereadora S\u00d4NIA SANTOS DE SENA, INDICA AO EXCELENT\u00cdSSIMO SENHOR JOS\u00c9 MARIA BESSA DE OLIVEIRA, QUE NO USO DE SUAS ATRIBUI\u00c7\u00d5ES LEGAIS, VEM ATRAV\u00c9S DO QUAL, SOLICITAR QUE SEJA EXECUTADA A LEI QUE INSTITUI A SEMANA DE PREVEN\u00c7\u00c3O AO C\u00c2NCER DE COLO DE UTERO E D\u00c1 OUTRAS PROVID\u00caNCIAS, EM CARAT\u00c9R DE URG\u00caNCIA."}, {"id": "737", "ano": "2023", "numero": "68", "tipo__sigla": "IND", "tipo__descricao": "INDICA\u00c7\u00c3O", "autoria": "PROFESSOR NELSON", "texto_original": "http://sapl.portogrande.ap.leg.br/media/sapl/public/materialegislativa/2023/737/ind_68_2023_gab_ver_nelson.pdf.pdf", "ementa": "A Vereadora S\u00d4NIA SANTOS DE SENA, INDICA AO EXCELENT\u00cdSSIMO SENHOR JOS\u00c9 MARIA BESSA DE OLIVEIRA, QUE NO USO DE SUAS ATRIBUI\u00c7\u00d5ES LEGAIS, VEM ATRAV\u00c9S DO QUAL SOLICITAR O CALEND\u00c1RIO OFICIAL DE EVENTOS, NO \u00c2MBITO DO MUNIC\u00cdPIO DE PORTO GRANDE, O DIA DE PREVEN\u00c7\u00c3O AO C\u00c2NCER DE MAMA, EM CARAT\u00c9R DE URG\u00caNCIA."}, {"id": "740", "ano": "2023", "numero": "69", "tipo__sigla": "IND", "tipo__descricao": "INDICA\u00c7\u00c3O", "autoria": "PROFESSOR NELSON", "texto_original": "http://sapl.portogrande.ap.leg.br/media/sapl/public/materialegislativa/2023/740/ind_69_2023_gab_ver_nelson.pdf.pdf", "ementa": "A Vereadora S\u00d4NIA SANTOS DE SENA, INDICA AO EXCELENT\u00cdSSIMO SENHOR DAVI ALCOLUMBRE, QUE NO USO DE SUAS ATRIBUI\u00c7\u00d5ES LEGAIS DO QUAL SOLICITO ESPECIAL ATEN\u00c7\u00c3O EM NOME DE TODO O POVO DE PORTO GRANDE NO SENTIDO DE QUE SEJA LOCADA VERBA DO OR\u00c7AMENTO DA UNI\u00c3O, ATRAV\u00c9S DA EMENDA PARLAMENTAR PARA A COMPRA DE EQUIPAMENTOS PARA A \"ACADEMIA DA SA\u00daDE AO AR LIVRE\" EM PRA\u00c7AS P\u00daBLICAS, BALNE\u00c1RIO E ORLA DA BEIRA RIO NO MUNIC\u00cdPIO DE PORTO GRANDE."}, {"id": "742", "ano": "2023", "numero": "70", "tipo__sigla": "IND", "tipo__descricao": "INDICA\u00c7\u00c3O", "autoria": "PROFESSOR NELSON", "texto_original": "http://sapl.portogrande.ap.leg.br/media/sapl/public/materialegislativa/2023/742/ind_70_2023_gab_ver_nelson.pdf.pdf", "ementa": "A Vereadora S\u00d4NIA SANTOS DE SENA, INDICA AO EXCELENT\u00cdSSIMO SENHOR DAVI ALCOLUMBRE, QUE NO USO DE SUAS ATRIBUI\u00c7\u00d5ES LEGAIS DO QUAL SOLICITO ESPECIAL ATEN\u00c7\u00c3O EM NOME DE TODA A JUVENTUDE DE PORTO GRANDE, NO SENTIDO DE QUE SEJA LOCADA VERBA DO OR\u00c7AMENTO DA UNI\u00c3O ATRAV\u00c9S DE EMENDA PARLAMENTAR, PARA A CONSTRU\u00c7\u00c3O DO CENTRO CULTURAL DA JUVENTUDADE NO MUNIC\u00cdPIO DE PORTO GRANDE."}, {"id": "743", "ano": "2023", "numero": "71", "tipo__sigla": "IND", "tipo__descricao": "INDICA\u00c7\u00c3O", "autoria": "ALEX LOPES", "texto_original": "http://sapl.portogrande.ap.leg.br/media/sapl/public/materialegislativa/2023/743/ind_71_2023_gab_ver_alex.pdf.pdf", "ementa": "A Vereadora SHIRLEI RAMOS DE SOUZA, INDICA AO EXCELENT\u00cdSSIMO SENHOR JOS\u00c9 MARIA BESSA DE OLIVEIRA \u2013 PREFEITO MUNICIPAL DE PORTO GRANDE, QUE NO USO DE SUAS ATRIBUI\u00c7\u00d5ES LEGAIS DO QUAL SOLICITO ESPECIAL ATEN\u00c7\u00c3O EM NOME DE TODO O POVO DE PORTO GRANDE, EM ESPECIAL OS RIBEIRINHOS, NO SENTIDO DE QUE SEJA DOADO UMA \u00c1REA NA EXPANS\u00c3O URBANA NAS MEDIA\u00c7\u00d5ES DO BAIRRO BRASIL TROPICAL PARA TRABALHAR UM PROJETO SOCIAL (HORTA COMUNIT\u00c1RIA) COM A COMUNIDADE DA REFERIDA REGI\u00c3O."}, {"id": "744", "ano": "2023", "numero": "72", "tipo__sigla": "IND", "tipo__descricao": "INDICA\u00c7\u00c3O", "autoria": "NARSON SANTOS", "texto_original": "http://sapl.portogrande.ap.leg.br/media/sapl/public/materialegislativa/2023/744/ind_72_2023_gab_ver_narson.pdf.pdf", "ementa": "A VEREADORA EDINEIA ESTRAO DA SILVA, INDICAR AO EXCELENT\u00cdSSIMO SENHOR, JOS\u00c9 MARIA BESSA DE OLIVEIRA - PREFEITO MUNICIPAL DE PORTO GRANDE, QUE NO USO DE SUAS ATRIBUI\u00c7\u00d5ES LEGAIS DO QUAL  SOLICITO  QUE SEJA FEITA A CONTRATA\u00c7\u00c3O DE UMA ASSIST\u00caNCIA SOCIAL, QUE VENHA ATENDER A DEMANDA DA COMUNIDADE DO CUPIXI E SUAS ADJACENTES."}, {"id": "745", "ano": "2023", "numero": "73", "tipo__sigla": "IND", "tipo__descricao": "INDICA\u00c7\u00c3O", "autoria": "NARSON SANTOS", "texto_original": "http://sapl.portogrande.ap.leg.br/media/sapl/public/materialegislativa/2023/745/ind_73_2023_gab_ver_narson.pdf.pdf", "ementa": "A VEREADORA EDINEIA ESTRAO DA SILVA, INDICAR AO EXCELENT\u00cdSSIMO SENHOR, JOS\u00c9 MARIA BESSA DE OLIVEIRA - PREFEITO MUNICIPAL DE PORTO GRANDE, QUE NO USO DE SUAS ATRIBUI\u00c7\u00d5ES LEGAIS DO QUAL SOLICITO QUE A UBS DO CUPIXI TENHA UM LABORAT\u00d3RIO DE COLETA DE EXAMES DE ROTINA ONDE VENHA ATENDER AS LOCALIDADES ADJACENTES."}, {"id": "746", "ano": "2023", "numero": "74", "tipo__sigla": "IND", "tipo__descricao": "INDICA\u00c7\u00c3O", "autoria": "NARSON SANTOS", "texto_original": "http://sapl.portogrande.ap.leg.br/media/sapl/public/materialegislativa/2023/746/ind_74_2023_gab_ver_narson.pdf.pdf", "ementa": "A VEREADORA EDINEIA ESTRAO DA SILVA, INDICAR AO EXCELENT\u00cdSSIMO SENHOR, CLECIO LUIS VILHENA VIEIRA \u2013 GOVERNADO DO ESTADO DO AMAP\u00c1, QUE NO USO DE SUAS ATRIBUI\u00c7\u00d5ES LEGAIS DO QUAL  SOLICITO  QUE A BASE  POLICIAL DO CUPIXI VOLTE A FUNCIONAR PERMANENTE."}, {"id": "747", "ano": "2023", "numero": "75", "tipo__sigla": "IND", "tipo__descricao": "INDICA\u00c7\u00c3O", "autoria": "GALENO DO VILA NOVA", "texto_original": "http://sapl.portogrande.ap.leg.br/media/sapl/public/materialegislativa/2023/747/ind_75_2023_gab_ver_galeno.pdf.pdf", "ementa": "REQUER QUE SEJA FEITO UMA CAMPANHA DE EDUCA\u00c7\u00c3O SOCIAL PARA A QUEST\u00c3O DA DEPREDA\u00c7\u00c3O AO PATRIM\u00d4NIO P\u00daBLICO."}, {"id": "748", "ano": "2023", "numero": "76", "tipo__sigla": "IND", "tipo__descricao": "INDICA\u00c7\u00c3O", "autoria": "GALENO DO VILA NOVA", "texto_original": "http://sapl.portogrande.ap.leg.br/media/sapl/public/materialegislativa/2023/748/ind_76_2023_gab_ver_galeno.pdf.pdf", "ementa": "REQUER QUE SEJA FEITO UM INVESTIMENTO PARA O MONITORAMENTO DOS LOGRADOUROS P\u00daBLICOS ATRAV\u00c9S DE C\u00c2MERAS DE SEGURAN\u00c7A."}, {"id": "749", "ano": "2023", "numero": "77", "tipo__sigla": "IND", "tipo__descricao": "INDICA\u00c7\u00c3O", "autoria": "GALENO DO VILA NOVA", "texto_original": "http://sapl.portogrande.ap.leg.br/media/sapl/public/materialegislativa/2023/749/ind_77_2023_gab_ver_galeno.pdf.pdf", "ementa": "REQUER QUE SEJA FEITO UM SERVI\u00c7O DE REPARO NA ILUMINA\u00c7\u00c3O DA RUA GET\u00daLIO VARGAS."}, {"id": "750", "ano": "2023", "numero": "78", "tipo__sigla": "IND", "tipo__descricao": "INDICA\u00c7\u00c3O", "autoria": "GALENO DO VILA NOVA", "texto_original": "http://sapl.portogrande.ap.leg.br/media/sapl/public/materialegislativa/2023/750/ind_78_2023_gab_ver_galeno.pdf.pdf", "ementa": "REQUER QUE SEJA FEITO UM SERVI\u00c7O DE REPARO NA RUA PRINCIPAL QUE D\u00c1 ACESSO A AR\u00c9A MILITAR NO BAIRRO NOVA ESPERAN\u00c7A EM FRENTE AO BOMBEIRO."}, {"id": "752", "ano": "2023", "numero": "79", "tipo__sigla": "IND", "tipo__descricao": "INDICA\u00c7\u00c3O", "autoria": "PROFESSOR NELSON", "texto_original": "http://sapl.portogrande.ap.leg.br/media/sapl/public/materialegislativa/2023/752/ind_79_2023_gab_ver_nelson.pdf.pdf", "ementa": "INDICA AO SENHOR LUCAS CANTU\u00c1RIA BARRETO, DIGN\u00cdSSIMO SENADOR DA REP\u00daBLICA FEDERATIVA DO BRASIL, QUE NO USO DE SUAS ATRIBUI\u00c7\u00d5ES LEGAIS, SOLICITA QUE SEJA LOCADA VERBA DO OR\u00c7AMENTO DA UNI\u00c3O, ATRAV\u00c9S DE EMENDA PARLAMENTAR PARA A CONSTRU\u00c7\u00c3O DE UM CENTRO DE TREINAMENTO DESPORTIVO PARA ATENDER PROJETOS ESPORTIVOS SOCIAIS PELA LIGA DESPORTIVA DE PORTO GRANDE."}, {"id": "753", "ano": "2023", "numero": "80", "tipo__sigla": "IND", "tipo__descricao": "INDICA\u00c7\u00c3O", "autoria": "PROFESSOR NELSON", "texto_original": "http://sapl.portogrande.ap.leg.br/media/sapl/public/materialegislativa/2023/753/ind_80_2023_gab_ver_nelson.pdf.pdf", "ementa": "INDICA AO EXCELENT\u00cdSSIMO SENHOR  VINICIUS DE AZEVEDO GURGEL, DEPUTADO FEDERAL, PELO ESTADO DO AMAP\u00c1, QUE NO USO DE SUAS ATRIBUI\u00c7\u00d5ES LEGAIS, SOLICITA QUE SEJA LOCADA VERBA DO OR\u00c7AMENTO DA UNI\u00c3O, ATRAV\u00c9S DE EMENDA PARLAMENTAR, PARA A CONSTRU\u00c7\u00c3O DE UM CENTRO DE TREINAMENTO DESPORTIVO PARA ATENDER PROJETOS ESPORTIVOS SOCIAIS PELA LIGA DESPORTIVA DE PORTO GRANDE."}, {"id": "755", "ano": "2023", "numero": "81", "tipo__sigla": "IND", "tipo__descricao": "INDICA\u00c7\u00c3O", "autoria": "PROFESSOR NELSON", "texto_original": "http://sapl.portogrande.ap.leg.br/media/sapl/public/materialegislativa/2023/755/ind_81_2023_gab_ver_nelson.pdf.pdf", "ementa": "INDICA AO EXCELENT\u00cdSSIMO SENHOR DAVI ALCOLUMBRE, SENADOR DA REP\u00daBLICA, QUE NO USO DE SUAS ATRIBUI\u00c7\u00d5ES LEGAIS, ATRAV\u00c9S DOS QUAIS SOLICITA QUE SEJA LOCADA VERBA DO OR\u00c7AMENTO DA UNI\u00c3O, ATRAV\u00c9S DE EMENDA PARLAMENTAR, PARA A CONSTRU\u00c7\u00c3O DE UM CENTRO DE TREINAMENTO DESPORTIVO PARA ATENDER PROJETOS ESPORTIVOS SOCIAIS PELA LIGA DESPORTIVO DE PORTO GRANDE."}, {"id": "757", "ano": "2023", "numero": "82", "tipo__sigla": "IND", "tipo__descricao": "INDICA\u00c7\u00c3O", "autoria": "PROFESSOR NELSON", "texto_original": "http://sapl.portogrande.ap.leg.br/media/sapl/public/materialegislativa/2023/757/ind_82_2023_gab_ver_nelson.pdf.pdf", "ementa": "INDICA AO EXCELENT\u00cdSSIMO SENHOR LUCAS CANTU\u00c1RIA BARRETO, SENADOR DA REP\u00daBLICA, QUE NO USO DE SUAS ATRIBUI\u00c7\u00d5ES LEGAIS, ATRAV\u00c9S DOS QUAIS SOLICITA QUE SEJA LOCADA VERBA DO OR\u00c7AMENTO DA UNI\u00c3O, ATRAV\u00c9S DE EMENDA PARLAMENTAR, PARA A IMPLANTA\u00c7\u00c3O DE UM CAMPUS DA UNIVERSIDADE ESTADUAL DO AMAP\u00c1 (UEAP) NO MUN\u00cdCIPIO DE PORTO GRANDE PARA ATENDER OS MUNIC\u00cdPIOS DA REGI\u00c3O CENTRO OESTE DO ESTADO."}, {"id": "760", "ano": "2023", "numero": "83", "tipo__sigla": "IND", "tipo__descricao": "INDICA\u00c7\u00c3O", "autoria": "PROFESSOR NELSON", "texto_original": "http://sapl.portogrande.ap.leg.br/media/sapl/public/materialegislativa/2023/760/ind_83_2023_gab_ver_nelson.pdf.pdf", "ementa": "INDICA AO EXCELENT\u00cdSSIMO SENHOR RANDOLFE RODRIGUES, SENADOR DA REP\u00daBLICA FEDERATIVA DO BRASIL, QUE NO USO DE SUAS ATRIBUI\u00c7\u00d5ES LEGAIS, ATRAV\u00c9S DOS QUAIS SOLICITA QUE SEJA LOCADA VERBA DO OR\u00c7AMENTO DA UNI\u00c3O, ATRAV\u00c9S DE EMENDA PARLAMENTAR, PARA A IMPLANTA\u00c7\u00c3O DE UM CAMPUS DA UNIVERSIDADE ESTADUAL DO AMAP\u00c1 (UEAP) NO MUN\u00cdCIPIO DE PORTO GRANDE PARA ATENDER OS MUN\u00cdCIPIOS DA REGI\u00c3O CENTRO OESTE DO ESTADO."}, {"id": "762", "ano": "2023", "numero": "84", "tipo__sigla": "IND", "tipo__descricao": "INDICA\u00c7\u00c3O", "autoria": "PROFESSOR NELSON", "texto_original": "http://sapl.portogrande.ap.leg.br/media/sapl/public/materialegislativa/2023/762/ind_84_2023_gab_ver_nelson.pdf.pdf", "ementa": "INDICA A EXCELENT\u00cdSSIMA  SENHORA MARIA GORETH DA SILVA E SOUSA, DEPUTADA FEDERAL, QUE NO USO DE SUAS ATRIBUI\u00c7\u00d5ES LEGAIS, ATRAV\u00c9S DOS QUAIS SOLICITA QUE SEJA LOCADA VERBA DO OR\u00c7AMENTO DA UNI\u00c3O, ATRAV\u00c9S DE EMENDA PARLAMENTAR, PARA A IMPLANTA\u00c7\u00c3O DE UM CAMPUS DA UNIVERSIDADE ESTADUAL DO AMAP\u00c1 (UEAP) NO MUNIC\u00cdPIO DE PORTO GRANDE PARA ATENDER OS MUN\u00cdCIPIOS DA REGI\u00c3O CENTRO OESTE DO ESTADO."}, {"id": "763", "ano": "2023", "numero": "85", "tipo__sigla": "IND", "tipo__descricao": "INDICA\u00c7\u00c3O", "autoria": "PROFESSOR NELSON", "texto_original": "http://sapl.portogrande.ap.leg.br/media/sapl/public/materialegislativa/2023/763/ind_85_2023_gab_ver_nelson.pdf.pdf", "ementa": "INDICA AO EXCELENT\u00cdSSIMO SENHOR DAVI ALCOLUMBRE, SENADOR DA REP\u00daBLICA, QUE NO USO DE SUAS ATRIBUI\u00c7\u00d5ES LEGAIS, ATRAV\u00c9S DOS QUAIS SOLICITA QUE SEJA LOCADA VERBA DO OR\u00c7AMENTO DA UNI\u00c3O, ATRAV\u00c9S DE EMENDA PARLAMENTAR, PARA A IMPLANTA\u00c7\u00c3O DE UM CAMPUS DA UNIVERSIDADE ESTADUAL DO AMAP\u00c1 (UEAP) NO MUNIC\u00cdPIO DE PORTO GRANDE PARA ATENDER OS MUNIC\u00cdPIOS DA REGI\u00c3O CENTRO OESTE DO ESTADO."}, {"id": "764", "ano": "2023", "numero": "86", "tipo__sigla": "IND", "tipo__descricao": "INDICA\u00c7\u00c3O", "autoria": "PROFESSOR NELSON", "texto_original": "http://sapl.portogrande.ap.leg.br/media/sapl/public/materialegislativa/2023/764/ind_86_2023_gab_ver_nelson.pdf.pdf", "ementa": "INDICA A EXCELENT\u00cdSSIMA SENHORA SONIZE PIMENTEL DOS SANTOS BARBOSA - DEPUTADA FEDERAL PELO AMAP\u00c1, QUE NO USO DE SUAS ATRIBUI\u00c7\u00d5ES LEGAIS DO QUAL SOLICITO ESPECIAL ATEN\u00c7\u00c3O EM NOME DE TODO O POVO DE PORTO GRANDE, NO SENTIDO DE QUE SEJA LOCADA VERBA DO OR\u00c7AMENTO DA UNI\u00c3O, ATRAV\u00c9S DE EMENDA PARLAMENTAR, PARA A CONSTRU\u00c7\u00c3O DO MUSEU HIST\u00d3RICO, CULTURAL E GEOGR\u00c1FICO DO MUNIC\u00cdPIO."}, {"id": "765", "ano": "2023", "numero": "87", "tipo__sigla": "IND", "tipo__descricao": "INDICA\u00c7\u00c3O", "autoria": "NAINHA SANTANA", "texto_original": "http://sapl.portogrande.ap.leg.br/media/sapl/public/materialegislativa/2023/765/ind_87_2023_gab_vera_nainha.pdf.pdf", "ementa": "INDICA A VOSSA EXCEL\u00caNCIA HIDELGARD GURGEL - DEPUTADO ESTADUAL, QUE NO USO DE SUAS ATRIBUI\u00c7\u00d5ES LEGAIS DO QUAL SOLICITO UMA EMENDA IMPOSITIVA NO VALOR DE R$ 200.000,00 (DUZENTOS MIL REAIS) PARA PLACAS DE SINALIZA\u00c7\u00c3O DO MUNIC\u00cdPIO DE PORTO GRANDE."}, {"id": "766", "ano": "2023", "numero": "88", "tipo__sigla": "IND", "tipo__descricao": "INDICA\u00c7\u00c3O", "autoria": "PROFESSOR NELSON", "texto_original": "http://sapl.portogrande.ap.leg.br/media/sapl/public/materialegislativa/2023/766/ind_88_2023_gab_ver_nelson.pdf.pdf", "ementa": "INDICA AO EXCELENT\u00cdSSIMO SENHOR JOS\u00c9 MARIA BESSA DE OLIVEIRA - PREFEITO DO MUNIC\u00cdPIO DE PORTO GRANDE, QUE NO USO DE SUAS ATRIBUI\u00c7\u00d5ES LEGAIS ATRAV\u00c9S DO QUAL SOLICITO A AQUISI\u00c7\u00c3O DE UNIFORMES ESCOLARES, IDENTIFICA\u00c7\u00c3O ESPEC\u00cdFICA (ESTAMPA DO S\u00cdMBOLO DO AUTISMO E DA PESSOA COM DEFICI\u00caNCIA) DE CRIAN\u00c7AS AUTISTAS E CRIAN\u00c7AS COM DEFICI\u00caNCIA."}, {"id": "767", "ano": "2023", "numero": "89", "tipo__sigla": "IND", "tipo__descricao": "INDICA\u00c7\u00c3O", "autoria": "SUELI SOUZA", "texto_original": "http://sapl.portogrande.ap.leg.br/media/sapl/public/materialegislativa/2023/767/ind_89_2023_gab_vera_sueli.pdf.pdf", "ementa": "INDICA AO EXCELENT\u00cdSSIMO SENHOR RANDOLFE RODRIGUES - SENADOR PELO ESTADO DO AMAP\u00c1, QUE NO USO DE SUAS ATRIBUI\u00c7\u00d5ES LEGAIS, ATRAV\u00c9S DO QUAL SOLICITO EMENDA PARA CONSTRU\u00c7\u00c3O DE UM CAMPUS UNIVERSIT\u00c1RIO EM PORTO GRANDE."}, {"id": "768", "ano": "2023", "numero": "90", "tipo__sigla": "IND", "tipo__descricao": "INDICA\u00c7\u00c3O", "autoria": "PLEN\u00c1RIO - PLEN", "texto_original": "http://sapl.portogrande.ap.leg.br/media/sapl/public/materialegislativa/2023/768/ind_90_2023_cmpg.pdf", "ementa": "EM NOME DOS 11 PARLAMENTARES DESTA CASA DE LEIS, INDICAMOS A EXCELENT\u00cdSSIMA SENHORA SONIZE PIMENTEL DOS SANTOS BARBOSA - DEPUTADA FEDERAL PELO AMAP\u00c1, QUE NO USO DE SUAS ATRIBUI\u00c7\u00d5ES LEGAIS DO QUAL SOLICITO QUE SEJA LOCADA EMENDA ESPECIAL NO VALOR DE 1.000.000,00 (UM MILH\u00c3O REAIS) PARA A COMPRA DE EQUIPAMENTOS PARA A NOVA C\u00c2MARA MUNICIPAL."}, {"id": "769", "ano": "2023", "numero": "91", "tipo__sigla": "IND", "tipo__descricao": "INDICA\u00c7\u00c3O", "autoria": "NARSON SANTOS", "texto_original": "http://sapl.portogrande.ap.leg.br/media/sapl/public/materialegislativa/2023/769/ind_91__2023_gab_ver_narson.pdf.pdf", "ementa": "INDICA AO EXCELENT\u00cdSSIMO SENHOR JOS\u00c9 MARIA BESSA DE OLIVEIRA - PREFEITO DO MUNIC\u00cdPIO DE PORTO GRANDE, QUE NO USO DE SUAS ATRIBUI\u00c7\u00d5ES LEGAIS ATRAV\u00c9S DO QUAL SOLICITO QUE SEJA FEITO A INSTALA\u00c7\u00c3O DE FAIXA DE PEDESTRE ELEVADA E SINALIZA\u00c7\u00c3O NA AV. AMAP\u00c1 NOS DOIS SENTIDOS."}, {"id": "774", "ano": "2023", "numero": "92", "tipo__sigla": "IND", "tipo__descricao": "INDICA\u00c7\u00c3O", "autoria": "PROFESSOR NELSON", "texto_original": "http://sapl.portogrande.ap.leg.br/media/sapl/public/materialegislativa/2023/774/ind_92_2023_gab_ver_nelson.pdf.pdf", "ementa": "INDICA AO EXCELENT\u00cdSSIMO SENHOR CL\u00c9CIO LU\u00cdS VILHENA VIEIRA, GOVERNADOR DO ESTADO DO AMAP\u00c1, QUE NO USO DE SUAS ATRIBUI\u00c7\u00d5ES LEGAIS DO QUAL SOLICITO ESPECIAL ATEN\u00c7\u00c3O PARA QUE SEJA REALIZADO A IMPLANTA\u00c7\u00c3O DE UM POLO DO CENTRO DE EDUCA\u00c7\u00c3O PROFISSIONAL DE M\u00daSICA WALK\u00cdRIA LIMA NO MUNIC\u00cdPIO DE PORTO GRANDE."}, {"id": "775", "ano": "2023", "numero": "93", "tipo__sigla": "IND", "tipo__descricao": "INDICA\u00c7\u00c3O", "autoria": "GURI DO MATAPI", "texto_original": "http://sapl.portogrande.ap.leg.br/media/sapl/public/materialegislativa/2023/775/ind_93_2023_gab_ver_guri.pdf.pdf", "ementa": "INDICA AO ILUSTR\u00cdSSIMO SENHOR GUSTAVO DEFILIPPO - SUPERINTENDENTE REGIONAL SUBSTITUTO DO DNIT NO ESTADO DO AMAP\u00c1, QUE SEJA CONSTRU\u00cdDO DUAS FAIXAS DE PEDESTRES ELEVADAS NA BR 210 NO MUNIC\u00cdPIO DE PORTO GRANDE."}, {"id": "776", "ano": "2023", "numero": "94", "tipo__sigla": "IND", "tipo__descricao": "INDICA\u00c7\u00c3O", "autoria": "SUELI SOUZA", "texto_original": "http://sapl.portogrande.ap.leg.br/media/sapl/public/materialegislativa/2023/776/ind_94_2023_gab_vera_sueli.pdf.pdf", "ementa": "INDICA AO EXCELENT\u00cdSSIMO SENHOR JOS\u00c9 MARIA BESSA DE OLIVEIRA \u2013 PREFEITO MUNICIPAL DE PORTO GRANDE, QUE NO USO DE SUAS ATRIBUI\u00c7\u00d5ES LEGAIS, ATRAV\u00c9S DO QUAL SOLICITO A ILUMINA\u00c7\u00c3O P\u00daBLICA DA RUA MARANH\u00c3O EM TODA SUA EXTENS\u00c3O E NO FINAL DA AVENIDA MANOEL DE SOUSA MAR\u00c9CO, NO BAIRRO DAS PALMEIRAS."}, {"id": "781", "ano": "2023", "numero": "95", "tipo__sigla": "IND", "tipo__descricao": "INDICA\u00c7\u00c3O", "autoria": "ALEX LOPES", "texto_original": "http://sapl.portogrande.ap.leg.br/media/sapl/public/materialegislativa/2023/781/ind_95_2023_gab_ver_alex.pdf.pdf", "ementa": "INDICA A VOSSA EXCEL\u00caNCIA SENHOR JOS\u00c9 MARIA BESSA DE OLIVEIRA - PREFEITO MUNICIPAL DE PORTO GRANDE, QUE NO USO DE SUAS ATRIBUI\u00c7\u00d5ES LEGAIS, ATRAV\u00c9S DOS QUAIS POSSA EXECUTAR O RECURSO DO MEU GABINETE NO QUAL ANO PASSADO, DESTINEI 100% ATRAV\u00c9S DA LEI QUE DISPONIBILIZA A EMENDA IMPOSITIVA AOS VEREADORES, PARA FAZER UMA GRANDE A\u00c7\u00c3O COM UMA EQUIPE MULTIDISCIPLINAR COM A FINALIDADE DE DIAGNOSTICAR E ACOMPANHAR AS PESSOAS COM TEA (TRANSTORNO ESPECTRO AUTISTA) EM NOSSO MUNIC\u00cdPIO DE PORTO GRANDE."}, {"id": "783", "ano": "2023", "numero": "96", "tipo__sigla": "IND", "tipo__descricao": "INDICA\u00c7\u00c3O", "autoria": "SUELI SOUZA", "texto_original": "http://sapl.portogrande.ap.leg.br/media/sapl/public/materialegislativa/2023/783/ind_96_2023_gab_vera_sueli.pdf.pdf", "ementa": "INDICA AO EXCELENT\u00cdSSIMO SENHOR RANDOLFE RODRIGUES \u2013 SENADOR PELO ESTADO DO AMAP\u00c1, QUE NO USO DE SUAS ATRIBUI\u00c7\u00d5ES LEGAIS, ATRAV\u00c9S DO QUAL SOLICITO A COMPRA DE UMA PLANTADEIRA MECANIZADA DE MUDAS DE ABACAXI PARA A COMUNIDADE DO CAMPO VERDE."}, {"id": "784", "ano": "2023", "numero": "97", "tipo__sigla": "IND", "tipo__descricao": "INDICA\u00c7\u00c3O", "autoria": "SUELI SOUZA", "texto_original": "http://sapl.portogrande.ap.leg.br/media/sapl/public/materialegislativa/2023/784/ind_97_2023_gab_vera_sueli.pdf.pdf", "ementa": "INDICA AO EXCELENT\u00cdSSIMO SENHOR DAVI ALCOLUMBRE \u2013 SENADOR PELO ESTADO DO AMAP\u00c1, QUE NO USO DE SUAS ATRIBUI\u00c7\u00d5ES LEGAIS, ATRAV\u00c9S DO QUAL SOLICITO A COMPRA DE UMA PLANTADEIRA MECANIZADA DE MUDAS DE ABACAXI PARA A COL\u00d4NIA AGR\u00cdCOLA DO MATAPI."}, {"id": "796", "ano": "2023", "numero": "98", "tipo__sigla": "IND", "tipo__descricao": "INDICA\u00c7\u00c3O", "autoria": "PROFESSOR NELSON", "texto_original": "http://sapl.portogrande.ap.leg.br/media/sapl/public/materialegislativa/2023/796/ind_98_2023_gab_ver_nelson.pdf.pdf", "ementa": "INDICA AO EXCELENT\u00cdSSIMO SENHOR JOS\u00c9 MARIA BESSA DE OLIVEIRA - PREFEITO DO MUNIC\u00cdPIO DE PORTO GRANDE, QUE NO USO DE SUAS ATRIBUI\u00c7\u00d5ES LEGAIS, ATRAV\u00c9S DOS QUAIS SOLICITA QUE A ESTRUTURA DO COMPLEXO CULTURAL DO BALNE\u00c1RIO SEJA DISPONIBILIZADO PARA A IMPLANTA\u00c7\u00c3O DO MUSEU HIST\u00d3RICO, CULTURAL E GEOGR\u00c1FICO DO MUNIC\u00cdPIO."}, {"id": "797", "ano": "2023", "numero": "99", "tipo__sigla": "IND", "tipo__descricao": "INDICA\u00c7\u00c3O", "autoria": "PROFESSOR NELSON", "texto_original": "http://sapl.portogrande.ap.leg.br/media/sapl/public/materialegislativa/2023/797/ind_99_2023_gab_ver_nelson.pdf.pdf", "ementa": "INDICA AO EXCELENT\u00cdSSIMO SENHOR JOS\u00c9 MARIA BESSA DE OLIVEIRA - PREFEITO DO MUNIC\u00cdPIO DE PORTO GRANDE, QUE NO USO DE SUAS ATRIBUI\u00c7\u00d5ES LEGAIS, ATRAV\u00c9S DOS QUAIS SOLICITA QUE SEJA FEITO A MANUTEN\u00c7\u00c3O DO RAMAL DO BODE (KM 121) E ALGUNS ACESSOS AT\u00c9 A BEIRA DO RIO AMAPARI, EM FUN\u00c7\u00c3O QUE A ESTRADA SE ENCONTRA QUASE INTERDITADA EM ALGUNS LOCAIS."}, {"id": "798", "ano": "2023", "numero": "100", "tipo__sigla": "IND", "tipo__descricao": "INDICA\u00c7\u00c3O", "autoria": "JOLIANNE FONTENELE", "texto_original": "http://sapl.portogrande.ap.leg.br/media/sapl/public/materialegislativa/2023/798/ind_100_2023_gab_vera_jolianne.pdf.pdf", "ementa": "AO EXCELENT\u00cdSSIMO SENHOR JOS\u00c9 MARIA BESSA DE OLIVEIRA \u2013 PREFEITO DO MUNIC\u00cdPIO DE PORTO GRANDE, QUE NO USO DE SUAS ATRIBUI\u00c7\u00d5ES LEGAIS, ATRAV\u00c9S DOS QUAIS APRESENTA INDICA\u00c7\u00c3O PARA A MANUTEN\u00c7\u00c3O E MELHORIA DO RAMAL DO KM 127."}, {"id": "799", "ano": "2023", "numero": "101", "tipo__sigla": "IND", "tipo__descricao": "INDICA\u00c7\u00c3O", "autoria": "JOLIANNE FONTENELE", "texto_original": "http://sapl.portogrande.ap.leg.br/media/sapl/public/materialegislativa/2023/799/ind_101_2023_gab_vera_jolianne.pdf.pdf", "ementa": "AO EXCELENT\u00cdSSIMO SENHOR PREFEITO DE PORTO GRANDE JOS\u00c9 MARIA BESSA DE OLIVEIRA, QUE NO USO DE SUAS ATRIBUI\u00c7\u00d5ES LEGAIS, ATRAV\u00c9S DOS QUAIS APRESENTA INDICA\u00c7\u00c3O PARA QUE SEJA REALIZADA UMA MANUTEN\u00c7\u00c3O NA AV CAL\u00c7OENE E A RETIRADA DE ENTULHOS DEIXADO AP\u00d3S UMA OBRA DE PAVIMENTA\u00c7\u00c3O E ILUMINA\u00c7\u00c3O P\u00daBLICA."}, {"id": "800", "ano": "2023", "numero": "102", "tipo__sigla": "IND", "tipo__descricao": "INDICA\u00c7\u00c3O", "autoria": "PROFESSOR NELSON", "texto_original": "http://sapl.portogrande.ap.leg.br/media/sapl/public/materialegislativa/2023/800/ind_n102_ver_nelson.pdf", "ementa": "INDICA AO EXCELENT\u00cdSSIMO SENHOR JOS\u00c9 MARIA BESSA DE OLIVEIRA \u2013 PREFEITO DO MUNIC\u00cdPIO DE PORTO GRANDE, QUE NO USO DE SUAS ATRIBUI\u00c7\u00d5ES LEGAIS, ATRAV\u00c9S DOS QUAIS SOLICITA QUE O PROGRAMA PAAF POSSA ATENDER OS AGRICULTORES DO ASSENTAMENTO MANOEL JACINTO, ASSIM COMO SEJA CUMPRIDO A LEI MUNICIPAL N.\u00ba 505/2021, NOS SEUS ARTIGOS 3\u00ba, 4\u00ba, 5\u00ba E 6\u00ba DA REFERIDA LEI."}, {"id": "801", "ano": "2023", "numero": "103", "tipo__sigla": "IND", "tipo__descricao": "INDICA\u00c7\u00c3O", "autoria": "PROFESSOR NELSON", "texto_original": "http://sapl.portogrande.ap.leg.br/media/sapl/public/materialegislativa/2023/801/ind_103_2023_gab_ver_nelson.pdf.pdf", "ementa": "INDICA AO EXCELENT\u00cdSSIMO SENHOR JOS\u00c9 MARIA BESSA DE OLIVEIRA \u2013 PREFEITO DO MUNIC\u00cdPIO DE PORTO GRANDE, QUE NO USO DE SUAS ATRIBUI\u00c7\u00d5ES LEGAIS, ATRAV\u00c9S DOS QUAIS SOLICITA QUE SEJA CONFECCIONADO A PLACA DE REINAUGURA\u00c7\u00c3O DO CENTRO COMUNIT\u00c1RIO CONTENDO O NOME DO SENHOR JO\u00c3O PEREIRA \u2013 SEU JOCA."}, {"id": "804", "ano": "2023", "numero": "104", "tipo__sigla": "IND", "tipo__descricao": "INDICA\u00c7\u00c3O", "autoria": "NAINHA SANTANA", "texto_original": "http://sapl.portogrande.ap.leg.br/media/sapl/public/materialegislativa/2023/804/ind_104_2023_gab_vera_nainha.pdf.pdf", "ementa": "INDICAR A VOSSA EXCEL\u00caNCIA JOS\u00c9 MARIA BESSA DE OLIVEIRA, QUE SEJA CRIADA A GUARDA MUNICIPAL, DO MUNICIPIO DE PORTO GRANDE."}, {"id": "805", "ano": "2023", "numero": "105", "tipo__sigla": "IND", "tipo__descricao": "INDICA\u00c7\u00c3O", "autoria": "PROFESSOR NELSON", "texto_original": "http://sapl.portogrande.ap.leg.br/media/sapl/public/materialegislativa/2023/805/ind_105_2023_gab_ver_nelson.pdf.pdf", "ementa": "INDICAR A VOSSA EXCEL\u00caNCIA JOS\u00c9 MARIA BESSA DE OLIVEIRA, QUE RECAPEAMENTO ASFALTICO NA RUA GERINO PORTO ENTRE AS AVENIDAS 08 DE AGOSTO E JOAQUIM FRAZ\u00c3O DE ARA\u00daJO."}, {"id": "806", "ano": "2023", "numero": "106", "tipo__sigla": "IND", "tipo__descricao": "INDICA\u00c7\u00c3O", "autoria": "RUY ANDRADE", "texto_original": "http://sapl.portogrande.ap.leg.br/media/sapl/public/materialegislativa/2023/806/ind_106_2023_gab_ver_rosendi.pdf.pdf", "ementa": "INDICAR A VOSSA EXCEL\u00caNCIA JOS\u00c9 MARIA BESSA DE OLIVEIRA, QUE SEJA FEITO A RECUPERA\u00c7\u00c3O E MANUTEN\u00c7\u00c3O DA NASCENTE EM TODA SUA EXTENS\u00c3O  DO IGARAP\u00c9 QUE DESAGUA NO BALNEARIO DO MUNICPIO."}, {"id": "812", "ano": "2023", "numero": "107", "tipo__sigla": "IND", "tipo__descricao": "INDICA\u00c7\u00c3O", "autoria": "PROFESSOR NELSON", "texto_original": "http://sapl.portogrande.ap.leg.br/media/sapl/public/materialegislativa/2023/812/ind_107_2023_gab_ver_nelson.pdf.pdf", "ementa": "INDICA AO EXCELENT\u00cdSSIMO SENHOR JOS\u00c9 MARIA BESSA DE OLIVEIRA - PREFEITO DO MUNIC\u00cdPIO DE PORTO GRANDE, QUE NO USO DE SUAS ATRIBUI\u00c7\u00d5ES LEGAIS, ATRAV\u00c9S DOS QUAIS SOLICITA A NECESSIDADE DA CONSTRU\u00c7\u00c3O DE BANCOS DE RESERVAS COM COBERTURA PINTURA DA \u00c1REA INTERNA E EXTERNA DO CAMPO, RO\u00c7AGEM DO GRAMADO, REFORMA NO ALAMBRADO E PINTURA DOS MASTROS DA BANDEIRA DO EST\u00c1DIO MUNICIPAL CHARLES BRITO."}, {"id": "813", "ano": "2023", "numero": "108", "tipo__sigla": "IND", "tipo__descricao": "INDICA\u00c7\u00c3O", "autoria": "GURI DO MATAPI", "texto_original": "http://sapl.portogrande.ap.leg.br/media/sapl/public/materialegislativa/2023/813/ind_108_2023_gab_ver_guri.pdf.pdf", "ementa": "INDICA AO EXCELENT\u00cdSSIMO SENHOR JOS\u00c9 MARIA BESSA DE OLIVEIRA - PREFEITO MUNICIPAL DE PORTO GRANDE, QUE SEJA ADICIONADO UM ADITIVO PARA CONTEMPLAR COM GRAMADO O CAMPO DA ASSOCIA\u00c7\u00c3O VIDA ESPERAN\u00c7A DA COL\u00d4NIA AGR\u00cdCOLA DO MATAPI."}, {"id": "814", "ano": "2023", "numero": "109", "tipo__sigla": "IND", "tipo__descricao": "INDICA\u00c7\u00c3O", "autoria": "GURI DO MATAPI", "texto_original": "http://sapl.portogrande.ap.leg.br/media/sapl/public/materialegislativa/2023/814/ind_109_2023_gab_ver_guri.pdf.pdf", "ementa": "INDICA AO EXCELENT\u00cdSSIMO SENHOR JOS\u00c9 MARIA BESSA DE OLIVEIRA - PREFEITO MUNICIPAL DE PORTO GRANDE, QUE SEJA REALIZADO O ASFALTAMENTO DAS RUAS E AVENIDAS DO BAIRRO NOVA ESPERAN\u00c7A."}, {"id": "823", "ano": "2023", "numero": "110", "tipo__sigla": "IND", "tipo__descricao": "INDICA\u00c7\u00c3O", "autoria": "NARSON SANTOS", "texto_original": "http://sapl.portogrande.ap.leg.br/media/sapl/public/materialegislativa/2023/823/ind_110_2023_gab_ver_narson.pdf", "ementa": "INDICA AO GERENTE DA EMPRESA COMPURSERVICE EMPREENDIMENTOS LTDA DO MUNIC\u00cdPIO DE PORTO GRANDE-AP, QUE NO USO DE SUAS ATRIBUI\u00c7\u00d5ES LEGAIS, ATRAV\u00c9S DO QUAL SOLICITO QUE VENHO POR MEIO DESTA APRESENTAR UMA INDICA\u00c7\u00c3O LEGISLATIVA PARA SOLICITAR A VIABILIZA\u00c7\u00c3O DA DISPONIBILIDADE DE SERVI\u00c7O DE INTERNET POR PARTE DA EMPRESA WEBFLASH NA COMUNIDADE DO KM 138, LOCALIZADA NO MUNIC\u00cdPIO DE PORTO GRANDE."}, {"id": "824", "ano": "2023", "numero": "111", "tipo__sigla": "IND", "tipo__descricao": "INDICA\u00c7\u00c3O", "autoria": "NARSON SANTOS", "texto_original": "http://sapl.portogrande.ap.leg.br/media/sapl/public/materialegislativa/2023/824/ind_111_2023_gab_ver_narson.pdf", "ementa": "INDICA AO SENHOR AUGUSTO DANTAS - DIRETOR PRESIDENTE DA EQUATORIAL ENERGIA - AP, QUE NO USO DE SUAS ATRIBUI\u00c7\u00d5ES LEGAIS, ATRAV\u00c9S DO QUAL SOLICITO QUE POR MEIO DESTA, APRESENTAR UMA INDICA\u00c7\u00c3O LEGISLATIVA VISANDO A SOLICITA\u00c7\u00c3O DE TROCA DE TRANSFORMADOR JUNTO \u00c0 EMPRESA EQUATORIAL ENERGIA DA COMUNIDADE DO KM 138, LOCALIZADA NO MUNIC\u00cdPIO DE PORTO GRANDE."}, {"id": "825", "ano": "2023", "numero": "112", "tipo__sigla": "IND", "tipo__descricao": "INDICA\u00c7\u00c3O", "autoria": "RUY ANDRADE", "texto_original": "http://sapl.portogrande.ap.leg.br/media/sapl/public/materialegislativa/2023/825/ind_112_2023_gab_ver_ruy.pdf.pdf", "ementa": "POR MEIO DESTA APRESENTAR UMA INDICA\u00c7\u00c3O LEGISLATIVA PARA DESTINAR O VALOR DE R$ 100.000,00 (CEM MIL REAIS) \u00c0 REFERIDA INSTITUI\u00c7\u00c3O DE ENSINO, VISANDO \u00c0 COMPRA DE MATERIAL PERMANENTE PARA A ESCOLA ESTADUA MARIA CRISTINHA BOTELHO RODRIGUES."}, {"id": "826", "ano": "2023", "numero": "113", "tipo__sigla": "IND", "tipo__descricao": "INDICA\u00c7\u00c3O", "autoria": "RUY ANDRADE", "texto_original": "http://sapl.portogrande.ap.leg.br/media/sapl/public/materialegislativa/2023/826/ind_113_2023_gab_ver_ruy.pdf.pdf", "ementa": "POR MEIO DESTA APRESENTAR UMA INDICA\u00c7\u00c3O LEGISLATIVA PARA DESTINAR O VALOR DE R$ 50.000,00 (CINQUENTA MIL REAIS) \u00c0 REFERIDA INSTITUI\u00c7\u00c3O DE ENSINO, VISANDO \u00c0 COMPRA DE MATERIAL PERMANENTE PARA A ESCOLA ESTADUAL MATAPI 01."}, {"id": "828", "ano": "2023", "numero": "114", "tipo__sigla": "IND", "tipo__descricao": "INDICA\u00c7\u00c3O", "autoria": "AMIGO DOMINGOS", "texto_original": "http://sapl.portogrande.ap.leg.br/media/", "ementa": "INDICAR A VOSSA EXCEL\u00caNCIA CL\u00c9CIO LU\u00cdZ, GOVERNADOR DO ESTADO DO AMAP\u00c1, QUE NO USO DE SUAS ATRIBUI\u00c7OES, VENHO RESPEITOSAMENTE SOLICITAR A SUA ATEN\u00c7\u00c3O E APOIO PARA A NECESSIDADE URGENTE DE REFORMA E AMPLIA\u00c7\u00c3O DA ESCOLA FLOREN\u00c7A TORRES DE ARA\u00daJO, LOCALIZADA NO MUNIC\u00cdPIO DE CUPIXI."}, {"id": "829", "ano": "2023", "numero": "115", "tipo__sigla": "IND", "tipo__descricao": "INDICA\u00c7\u00c3O", "autoria": "NARSON SANTOS", "texto_original": "http://sapl.portogrande.ap.leg.br/media/", "ementa": "INDICAR A VOSSA EXCEL\u00caNCIA CL\u00c9CIO LU\u00cdZ, GOVERNADOR DO ESTADO DO AMAP\u00c1, QUE NO USO DE SUAS ATRIBUI\u00c7\u00d5ES LEGAIS, ATRAV\u00c9S DO QUAL SOLICITO A SUA ATEN\u00c7\u00c3O E APOIO PARA A NECESSIDADE URGENTE DE REFORMA DO RAMAL QUE D\u00c1 ACESSO \u00c0 ESCOLA ESTADUAL FRANCISCO MANOEL DOS SANTOS, LOCALIZADA NO MUNIC\u00cdPIO DE PORTO GRANDE."}, {"id": "832", "ano": "2023", "numero": "116", "tipo__sigla": "IND", "tipo__descricao": "INDICA\u00c7\u00c3O", "autoria": "NAINHA SANTANA", "texto_original": "http://sapl.portogrande.ap.leg.br/media/sapl/public/materialegislativa/2023/832/ind_116_2023_gab_vera_nainha.pdf.pdf", "ementa": "INDICAR Ao excelent\u00edssimo, Jos\u00e9 Maria Bessa de Oliveira prefeito do Munic\u00edpio de Porto Grande, que no uso de suas atribui\u00e7\u00f5es legais do qual solicito. a Cria\u00e7\u00e3o da secretaria de Turismo no munic\u00edpio de Porto Grande."}, {"id": "833", "ano": "2023", "numero": "117", "tipo__sigla": "IND", "tipo__descricao": "INDICA\u00c7\u00c3O", "autoria": "NAINHA SANTANA", "texto_original": "http://sapl.portogrande.ap.leg.br/media/sapl/public/materialegislativa/2023/833/ind_117_2023_gab_vera_nainha.pdf.pdf", "ementa": "INDICAR a Vossa Excel\u00eancia JOS\u00c9 MARIA BESSA DE OLIVEIRA, Prefeito do Munic\u00edpio de Porto Grande -AP, que no uso de suas atribui\u00e7\u00f5es legais do qual solicito que seja tomadas medidas necess\u00e1rias para que o poder P\u00fablico municipal elabore e execute o plano de mobilidade urbana, e disponibilize o fornecimento de presta\u00e7\u00e3o de servi\u00e7o p\u00fablico de transporte coletivo de passageiros (\u00f4nibus circular) no munic\u00edpio de Porto Grande."}, {"id": "835", "ano": "2023", "numero": "118", "tipo__sigla": "IND", "tipo__descricao": "INDICA\u00c7\u00c3O", "autoria": "NAINHA SANTANA", "texto_original": "http://sapl.portogrande.ap.leg.br/media/sapl/public/materialegislativa/2023/835/ind_118_2023_gab_vera_nainha.pdf.pdf", "ementa": "INDICAR a Vossa Senhoria ALINE PARANHOS GURGEL, secret\u00e1ria de Assist\u00eancia Social do Estado do Amap\u00e1 (SIMS), que no uso de suas atribui\u00e7\u00f5es legais do qual solicito, a efetividade do programa Acolher Amap\u00e1 no munic\u00edpio de Porto Grande."}, {"id": "836", "ano": "2023", "numero": "119", "tipo__sigla": "IND", "tipo__descricao": "INDICA\u00c7\u00c3O", "autoria": "NAINHA SANTANA", "texto_original": "http://sapl.portogrande.ap.leg.br/media/sapl/public/materialegislativa/2023/836/ind_119_2023_gab_vera_nainha.pdf.pdf", "ementa": "NDICAR a Vossa Excel\u00eancia JOS\u00c9 MARIA BESSA DE OLIVEIRA, Prefeito do Munic\u00edpio de Porto Grande -AP, que no uso de suas atribui\u00e7\u00f5es legais do qual solicito que seja tomadas medidas necess\u00e1rias para que o poder P\u00fablico municipal Proceda com a instala\u00e7\u00e3o de sinal inteligente de tr\u00e2nsito / sem\u00e1foro, e faixa de pedestre nos seguintes pontos do munic\u00edpio; BR 210 /com Avenida Amap\u00e1. \"Cito conhecido popularmente como Canto do Bom gosto\", e Avenida Amap\u00e1 com Tancredo Neves. Lugares de tr\u00e1fico intenso de ve\u00edculos, pessoas, e ciclistas no munic\u00edpio de Porto Grande."}, {"id": "842", "ano": "2023", "numero": "120", "tipo__sigla": "IND", "tipo__descricao": "INDICA\u00c7\u00c3O", "autoria": "GURI DO MATAPI", "texto_original": "http://sapl.portogrande.ap.leg.br/media/sapl/public/materialegislativa/2023/842/ind_120_2023_gab_ver_guri.pdf.pdf", "ementa": "INDICAR. Ao Prefeito Municipal de Porto Grande, que seja Constru\u00eddo o Centro Comunit\u00e1rio Linha A \"COOPMA\"."}, {"id": "843", "ano": "2023", "numero": "121", "tipo__sigla": "IND", "tipo__descricao": "INDICA\u00c7\u00c3O", "autoria": "GURI DO MATAPI", "texto_original": "http://sapl.portogrande.ap.leg.br/media/sapl/public/materialegislativa/2023/843/ind_121_2023_gab_ver_guri.pdf.pdf", "ementa": "INDICAR. Ao Prefeito Municipal de Porto Grande, que seja constru\u00eddo urgentemente duas salas de aula e um muro na Escola Municipal Maranh\u00e3o, localizada na Linha B do Matap\u00ed."}, {"id": "848", "ano": "2023", "numero": "122", "tipo__sigla": "IND", "tipo__descricao": "INDICA\u00c7\u00c3O", "autoria": "ALEX LOPES", "texto_original": "http://sapl.portogrande.ap.leg.br/media/sapl/public/materialegislativa/2023/848/ind_122_2023_gab_ver_alex.pdf.pdf", "ementa": "INDICAR A VOSSA EXCEL\u00caNCIA SENHOR, JOS\u00c9 MARIA BESSA DE OLIVEIRA - PREFEITO MUNICIPAL DE PORTO GRANDE, QUE NO USO DE SUAS ATRIBUI\u00c7\u00d5ES LEGAIS, ATRAV\u00c9S DOS QUAIS. INDICAR QUE SEJA ADICIONADO UM CONTRATO COM A CAIXA ECON\u00d4MICA FEDERAL PARA QUE POSSAM FAZER CONSIGNADOS COM OS SERVIDORES DO MUNIC\u00cdPIO DE PORTO GRANDE."}, {"id": "849", "ano": "2023", "numero": "123", "tipo__sigla": "IND", "tipo__descricao": "INDICA\u00c7\u00c3O", "autoria": "AMIGO DOMINGOS", "texto_original": "http://sapl.portogrande.ap.leg.br/media/sapl/public/materialegislativa/2023/849/ind_123_2023_gab_ver_domingos.pdf.pdf", "ementa": "INDICA AO PREFEITO MUNICIPAL EM CARATER DE URGENCIA A REALIZA\u00c7\u00c3O DE SERVI\u00c7OS DE TERRAPLANAGEM NAS VICINAIS DO ASSENTAMENTO DO  MUNGUBA."}, {"id": "850", "ano": "2023", "numero": "124", "tipo__sigla": "IND", "tipo__descricao": "INDICA\u00c7\u00c3O", "autoria": "AMIGO DOMINGOS", "texto_original": "http://sapl.portogrande.ap.leg.br/media/sapl/public/materialegislativa/2023/850/ind_124_2023_gab_ver_domingos.pdf.pdf", "ementa": "INDICA AO PREFEITO MUNICIPAL EM CARATER DE URGENCIA A REALIZA\u00c7\u00c3O DE SERVI\u00c7OS DE ILUMINA\u00c7\u00c3O PUBLICA NO ASSENTAMENTO DO  MUNGUBA."}, {"id": "851", "ano": "2023", "numero": "125", "tipo__sigla": "IND", "tipo__descricao": "INDICA\u00c7\u00c3O", "autoria": "AMIGO DOMINGOS", "texto_original": "http://sapl.portogrande.ap.leg.br/media/sapl/public/materialegislativa/2023/851/ind_125_2023_gab_ver_domingos.pdf.pdf", "ementa": "INDICA AO PREFEITO MUNICIPAL EM CARATER DE URGENCIA UMA AMBULANCIA PARA O ASSENTAMENTO DO  MUNGUBA."}, {"id": "852", "ano": "2023", "numero": "126", "tipo__sigla": "IND", "tipo__descricao": "INDICA\u00c7\u00c3O", "autoria": "NARSON SANTOS", "texto_original": "http://sapl.portogrande.ap.leg.br/media/sapl/public/materialegislativa/2023/852/ind_126_2023_gab_ver_narson.pdf.pdf", "ementa": "INDICA AO PREFEITO MUNICIPAL EM CARATER DE URGENCIA A MANUTE\u00c7\u00c3O E TERRAPLANAGEM DO RAMAL DO FELICIANO,, LOCALIZANDO NO MUNICIPIO DE PORTO GRANDE KM 142."}, {"id": "853", "ano": "2023", "numero": "127", "tipo__sigla": "IND", "tipo__descricao": "INDICA\u00c7\u00c3O", "autoria": "PROFESSOR NELSON", "texto_original": "http://sapl.portogrande.ap.leg.br/media/sapl/public/materialegislativa/2023/853/ind_127_2023_gab_ver_nelson.pdf.pdf", "ementa": "INDICA AO GOVERNADO DO ESTADO DO AMAP\u00c1 A CONSTRU\u00c7\u00c3O DE UM GINASIO DE ESPORTE POLIESPORTIVO NA ESCOLA ESTADUAL JOS\u00c9 RIBAMAR TEXEIRA NO MUNICIPIO DE PORTO GRANDE."}, {"id": "854", "ano": "2023", "numero": "128", "tipo__sigla": "IND", "tipo__descricao": "INDICA\u00c7\u00c3O", "autoria": "PROFESSOR NELSON", "texto_original": "http://sapl.portogrande.ap.leg.br/media/sapl/public/materialegislativa/2023/854/ind_128_2023_gab_ver_nelson.pdf.pdf", "ementa": "INDICA AO SENADOR DAVI ALCOLUMBRE QUE NO QUAL SOLICITA UMA EMENDA PARLAMENTAR PARA A CONSTRU\u00c7\u00c3O DE UM GINASIO DE ESPORTE POLIESPORTIVO NA ESCOLA ESTADUAL JOS\u00c9 RIBAMAR TEXEIRA NO MUNICIPIO DE PORTO GRANDE."}, {"id": "834", "ano": "2023", "numero": "129", "tipo__sigla": "IND", "tipo__descricao": "INDICA\u00c7\u00c3O", "autoria": "NAINHA SANTANA", "texto_original": "http://sapl.portogrande.ap.leg.br/media/", "ementa": "INDICAR a Vossa Excel\u00eancia JOS\u00c9 MARIA BESSA DE OLIVEIRA, Prefeito do Munic\u00edpio de Porto Grande -AP, que no uso de suas atribui\u00e7\u00f5es legais do qual solicito que seja tomadas medidas necess\u00e1rias para que o poder P\u00fablico municipal elabore e execute o plano de mobilidade urbana, e disponibilize o fornecimento de presta\u00e7\u00e3o de servi\u00e7o p\u00fablico de transporte coletivo de passageiros (\u00f4nibus circular) no munic\u00edpio de Porto Grande."}, {"id": "862", "ano": "2023", "numero": "130", "tipo__sigla": "IND", "tipo__descricao": "INDICA\u00c7\u00c3O", "autoria": "PROFESSOR NELSON", "texto_original": "http://sapl.portogrande.ap.leg.br/media/sapl/public/materialegislativa/2023/862/ind_130_2023_gab_ver_nelson.pdf.pdf", "ementa": "INDICA AO EXCELENT\u00cdSSIMO SENHOR JOS\u00c9 MARIA BESSA DE OLIVEIRA - PREFEITO DO MUNIC\u00cdPIO DE PORTO GRANDE, QUE NO USO DE SUAS ATRIBUI\u00c7\u00d5ES LEGAIS, ATRAV\u00c9S DOS QUAIS, QUE SEJA FEITO A MANUTEN\u00c7\u00c3O OU CONSTRU\u00c7\u00c3O DA PONTE DO RAMAL DA REFORMA AGR\u00c1RIA NO ASSENTAMENTO DO MUNGUBA COM M\u00c1XIMA URG\u00caNCIA."}, {"id": "865", "ano": "2023", "numero": "131", "tipo__sigla": "IND", "tipo__descricao": "INDICA\u00c7\u00c3O", "autoria": "PROFESSOR NELSON", "texto_original": "http://sapl.portogrande.ap.leg.br/media/sapl/public/materialegislativa/2023/865/ind_131_2023_gab_ver_nelson.pdf.pdf", "ementa": "INDICA AO EXCELENT\u00cdSSIMO SENHOR DAVI ALCOLUMBRE - SENADOR PELO ESTADO DO AMAP\u00c1, A IMPLANTA\u00c7\u00c3O DO PROJETO CARTEIRA NACIONAL DE HABILITA\u00c7\u00c3O SOCIAL, PARA PESSOAS DE BAIXA RENDA, NO MUNIC\u00cdPIO DE PORTO GRANDE - AP."}, {"id": "866", "ano": "2023", "numero": "132", "tipo__sigla": "IND", "tipo__descricao": "INDICA\u00c7\u00c3O", "autoria": "PROFESSOR NELSON", "texto_original": "http://sapl.portogrande.ap.leg.br/media/sapl/public/materialegislativa/2023/866/ind_132_2023_gab_ver_nelson.pdf.pdf", "ementa": "INDICA AO EXCELENT\u00cdSSIMO SENHOR CL\u00c9CIO LU\u00cdS VILHENA VIEIRA, GOVERNADOR DO ESTADO DO AMAP\u00c1, A IMPLANTA\u00c7\u00c3O DO PROJETO CARTEIRA NACIONAL DE HABILITA\u00c7\u00c3O SOCIAL, PARA PESSOAS DE BAIXA RENDA, NO MUNIC\u00cdPIO DE PORTO GRANDE - AP."}, {"id": "867", "ano": "2023", "numero": "133", "tipo__sigla": "IND", "tipo__descricao": "INDICA\u00c7\u00c3O", "autoria": "PROFESSOR NELSON", "texto_original": "http://sapl.portogrande.ap.leg.br/media/sapl/public/materialegislativa/2023/867/ind_133_2023_gab_ver_nelson.pdf.pdf", "ementa": "INDICA AO EXCELENT\u00cdSSIMO SENHOR JOS\u00c9 MARIA BESSA DE OLIVEIRA, PREFEITO DO MUNIC\u00cdPIO DE PORTO GRANDE, CONCESS\u00d5ES DE NOVAS PLACAS DE MOTOT\u00c1XI PARA O MUNIC\u00cdPIO DE PORTO GRANDE."}, {"id": "869", "ano": "2023", "numero": "134", "tipo__sigla": "IND", "tipo__descricao": "INDICA\u00c7\u00c3O", "autoria": "ALEX LOPES", "texto_original": "http://sapl.portogrande.ap.leg.br/media/sapl/public/materialegislativa/2023/869/ind_134_2023_gab_ver_alex.pdf.pdf", "ementa": "INDICA AO EXCELENT\u00cdSSIMO SENHOR JOS\u00c9 MARIA BESSA DE OLIVEIRA - PREFEITO MUNICIPAL DE PORTO GRANDE, QUE NO USO DE SUAS ATRIBUI\u00c7\u00d5ES LEGAIS, ATRAV\u00c9S DOS QUAIS, POSSA DISPONIBILIZAR ILUMINA\u00c7\u00c3O PARA O CEMIT\u00c9RIO S\u00c3O FRANCISCO DE ASSIS NA COL\u00d4NIA AGR\u00cdCOLA DO MATAPI."}, {"id": "870", "ano": "2023", "numero": "135", "tipo__sigla": "IND", "tipo__descricao": "INDICA\u00c7\u00c3O", "autoria": "ALEX LOPES", "texto_original": "http://sapl.portogrande.ap.leg.br/media/sapl/public/materialegislativa/2023/870/ind_135_2023_gab_ver_alex.pdf.pdf", "ementa": "INDICAR AO COMANDANTE DO CORPO DE BOMBEIROS MILITAR DO AMAP\u00c1 - CBM, CEL. ALEXANDRE VER\u00cdSSIMO DE FREITAS, QUE NO USO DE SUAS ATRIBUI\u00c7\u00d5ES LEGAIS, POSSA IMPLANTAR O PROJETO BOMBEIRO MIRIM M\u00daSICO, PARA ATENDER AS NOSSAS CRIAN\u00c7AS E ADOLESCENTES DO NOSSO MUNIC\u00cdPIO DE PORTO GRANDE."}, {"id": "871", "ano": "2023", "numero": "136", "tipo__sigla": "IND", "tipo__descricao": "INDICA\u00c7\u00c3O", "autoria": "ALEX LOPES", "texto_original": "http://sapl.portogrande.ap.leg.br/media/sapl/public/materialegislativa/2023/871/ind_136_2023_gab_ver_alex.pdf.pdf", "ementa": "INDICA AO EXCELENT\u00cdSSIMO SENHOR JOS\u00c9 MARIA BESSA DE OLIVEIRA - PREFEITO MUNICIPAL DE PORTO GRANDE, QUE NO USO DE SUAS ATRIBUI\u00c7\u00d5ES LEGAIS, ATRAV\u00c9S DOS QUAIS, POSSA DISPONIBILIZAR LIMPEZA E TERRAPLANAGEM DAS RUAS NOVA JERUSAL\u00c9M E A PRINCESA ISABEL NO BAIRRO AEROPORTO."}, {"id": "873", "ano": "2023", "numero": "137", "tipo__sigla": "IND", "tipo__descricao": "INDICA\u00c7\u00c3O", "autoria": "AMIGO DOMINGOS", "texto_original": "http://sapl.portogrande.ap.leg.br/media/sapl/public/materialegislativa/2023/873/ind_137_2023_gab_ver_domingos.pdf.pdf", "ementa": "INDICAR A VOSSA EXCEL\u00caNCIA JOS\u00c9 MARIA BESSA DE OLIVEIRA, QUE NO USO DE SUAS ATRIBUI\u00c7\u00d5ES VENHO SOLICITAR COM EXTREMA URG\u00caNCIA, A MANUTEN\u00c7\u00c3O DAS RUAS DO BAIRRO MANOEL CORTEZ EM ESPECIAL NA RUA 13 DE OUTUBRO, LOCALIZADA DESTA CIDADE."}, {"id": "876", "ano": "2023", "numero": "138", "tipo__sigla": "IND", "tipo__descricao": "INDICA\u00c7\u00c3O", "autoria": "GURI DO MATAPI", "texto_original": "http://sapl.portogrande.ap.leg.br/media/sapl/public/materialegislativa/2023/876/ind_138_2023_gab_ver_francinaldo.pdf.pdf", "ementa": "INDICAR AO EXCELENT\u00cdSSIMO SENHOR JOS\u00c9 MARIA BESSA- PREFEITO MUNICIPAL, QUE SEJA REALIZADO TERRAPLANAGEM NAS RUAS E AVENIDAS DO BAIRRO NOVA ESPERAN\u00c7A."}, {"id": "877", "ano": "2023", "numero": "139", "tipo__sigla": "IND", "tipo__descricao": "INDICA\u00c7\u00c3O", "autoria": "SUELI SOUZA", "texto_original": "http://sapl.portogrande.ap.leg.br/media/sapl/public/materialegislativa/2023/877/ind_139_2023_gab_vera_sueli.pdf.pdf", "ementa": "INDICA AO EXCELENT\u00cdSSIMO SENHOR JOS\u00c9 MARIA BESSA DE OLIVEIRA \u2013 PREFEITO MUNICIPAL DE PORTO GRANDE, QUE NO USO DE SUAS ATRIBUI\u00c7\u00d5ES LEGAIS, ATRAV\u00c9S DO QUAL SOLICITO QUE SEJA FEITO O RECAPEAMENTO DA RUA TANCREDO NEVES EM TODA A SUA EXTENS\u00c3O."}, {"id": "878", "ano": "2023", "numero": "140", "tipo__sigla": "IND", "tipo__descricao": "INDICA\u00c7\u00c3O", "autoria": "SUELI SOUZA", "texto_original": "http://sapl.portogrande.ap.leg.br/media/sapl/public/materialegislativa/2023/878/ind_140_2023_gab_vera_sueli.pdf.pdf", "ementa": "INDICA AO EXCELENT\u00cdSSIMO SENHOR JOS\u00c9 MARIA BESSA DE OLIVEIRA \u2013 PREFEITO MUNICIPAL DE PORTO GRANDE, QUE NO USO DE SUAS ATRIBUI\u00c7\u00d5ES LEGAIS, ATRAV\u00c9S DO QUAL SOLICITO A LIMPEZA DA RUA SOLDADO MIGUEL DE BARROS, NO BAIRRO NOVA ESPERAN\u00c7A \u2013 VILA MILITAR."}, {"id": "874", "ano": "2023", "numero": "141", "tipo__sigla": "IND", "tipo__descricao": "INDICA\u00c7\u00c3O", "autoria": "NARSON SANTOS", "texto_original": "http://sapl.portogrande.ap.leg.br/media/sapl/public/materialegislativa/2023/874/ind_141_2023_gab_ver_narson.pdf.pdf", "ementa": "INDICAR, ao Excelent\u00edssimo Senhor JOSE MARIA BESSA DE OLIVEIRA A MANUTEN\u00c7\u00c3O E TERRAPLANAGEM DO RAMAL DE ACESSO AO KM 141, LOCALIZADA NO MUNIC\u00cdPIO DE PORTO GRANDE."}, {"id": "879", "ano": "2023", "numero": "142", "tipo__sigla": "IND", "tipo__descricao": "INDICA\u00c7\u00c3O", "autoria": "SUELI SOUZA", "texto_original": "http://sapl.portogrande.ap.leg.br/media/sapl/public/materialegislativa/2023/879/ind_142_2023_gab_vera_sueli.pdf.pdf", "ementa": "INDICA AO EXCELENT\u00cdSSIMO SENHOR JOS\u00c9 MARIA BESSA DE OLIVEIRA \u2013 PREFEITO MUNICIPAL DE PORTO GRANDE, QUE NO USO DE SUAS ATRIBUI\u00c7\u00d5ES LEGAIS, ATRAV\u00c9S DO QUAL SOLICITO INFORMA\u00c7\u00d5ES SOBRE A PARALISA\u00c7\u00c3O DOS SERVI\u00c7OS ENTRE AS RUAS SANTA RITA DE C\u00c1SSIA E SANTA IZABEL, NO BAIRRO AEROPORTO."}, {"id": "901", "ano": "2023", "numero": "143", "tipo__sigla": "IND", "tipo__descricao": "INDICA\u00c7\u00c3O", "autoria": "PROFESSOR NELSON", "texto_original": "http://sapl.portogrande.ap.leg.br/media/sapl/public/materialegislativa/2023/901/ind_143_2023_gab_ver_nelson.pdf.pdf", "ementa": "INDICA AO EXCELENT\u00cdSSIMO SENHOR JOS\u00c9 MARIA BESSA DE OLIVEIRA, PREFEITO DO MUNIC\u00cdPIO DE PORTO GRANDE, QUE NO USO DE SUAS ATRIBUI\u00c7\u00d5ES, ATRAV\u00c9S DOS QUAIS, SOLICITO A CRIA\u00c7\u00c3O DO PROGRAMA BOLSA ATLETA, DESTINADO A ATLETAS E PARATLETAS NO MUNIC\u00cdPIO DE PORTO GRANDE."}, {"id": "907", "ano": "2023", "numero": "144", "tipo__sigla": "IND", "tipo__descricao": "INDICA\u00c7\u00c3O", "autoria": "PROFESSOR NELSON", "texto_original": "http://sapl.portogrande.ap.leg.br/media/sapl/public/materialegislativa/2023/907/ind_144_2023_gab_ver_nelson.pdf.pdf", "ementa": "INDICA AO EXCELENT\u00cdSSIMO SENHOR VIN\u00cdCIUS GURGEL, DEPUTADO FEDERAL PELO ESTADO DO AMAP\u00c1, QUE NO USO DE SUAS ATRIBUI\u00c7\u00d5ES LEGAIS, ATRAV\u00c9S DOS QUAIS SOLICITA QUE SEJA LOCADA VERBA DO OR\u00c7AMENTO DA UNI\u00c3O, ATRAV\u00c9S DE EMENDA PARLAMENTAR PARA A AQUISI\u00c7\u00c3O DE UM MICRO-\u00d4NIBUS PARA ATENDER OS PROJETOS ESPORTIVOS SOCIAIS DO MUNIC\u00cdPIO DE PORTO GRANDE."}, {"id": "910", "ano": "2023", "numero": "145", "tipo__sigla": "IND", "tipo__descricao": "INDICA\u00c7\u00c3O", "autoria": "GURI DO MATAPI", "texto_original": "http://sapl.portogrande.ap.leg.br/media/sapl/public/materialegislativa/2023/910/ind_145_2023_gab_ver_guri.pdf.pdf", "ementa": "INDICA AO EXCELENT\u00cdSSIMO SENHOR JOS\u00c9 MARIA BESSA DE OLIVEIRA \u2013 PREFEITO MUNICIPAL DE PORTO GRANDE, QUE SEJA REALIZADO A IMPLANTA\u00c7\u00c3O DE UM PORTAL DE ENTRADA PARA A COL\u00d4NIA DO MATAPI."}, {"id": "909", "ano": "2023", "numero": "146", "tipo__sigla": "IND", "tipo__descricao": "INDICA\u00c7\u00c3O", "autoria": "SUELI SOUZA", "texto_original": "http://sapl.portogrande.ap.leg.br/media/sapl/public/materialegislativa/2023/909/ind_146_2023_gab_vera_sueli.pdf.pdf", "ementa": "INDICA AO EXCELENT\u00cdSSIMO SENHOR JOS\u00c9 MARIA BESSA DE OLIVEIRA \u2013 PREFEITO MUNICIPAL DE PORTO GRANDE, QUE NO USO DE SUAS ATRIBUI\u00c7\u00d5ES LEGAIS, ATRAV\u00c9S DO QUAL SOLICITO QUE SEJA FEITO UM LEVANTAMENTO DOS PROPRIET\u00c1RIOS DE TERRENOS ABANDONADOS NO BAIRRO NOVA ESPERAN\u00c7A."}, {"id": "911", "ano": "2023", "numero": "147", "tipo__sigla": "IND", "tipo__descricao": "INDICA\u00c7\u00c3O", "autoria": "GURI DO MATAPI", "texto_original": "http://sapl.portogrande.ap.leg.br/media/sapl/public/materialegislativa/2023/911/ind_147_2023_gab_ver_guri.pdf.pdf", "ementa": "INDICAR Ao Excelent\u00edssimo Senhor JOS\u00c9 MARIA BESSA DE OLIVEIRA - Prefeito Municipal de Porto Grande, que seja ALOCADO COTAS DE ULTRASSOM PARA A ZONA RURAL DO MUNIC\u00cdPIO."}, {"id": "912", "ano": "2023", "numero": "148", "tipo__sigla": "IND", "tipo__descricao": "INDICA\u00c7\u00c3O", "autoria": "NAINHA SANTANA", "texto_original": "http://sapl.portogrande.ap.leg.br/media/", "ementa": "INDICA QUE A  BANCADA FEDERAL DO ESTADO DO AMAP\u00c1 em unidade possam apresentar um projeto de lei no congresso Nacional, afim de que os Estados que s\u00e3o produtores de energia tenham uma tarifa diferenciada de consumo de energia el\u00e9trica, que \u00e9 o nosso caso, do nosso estado do Amap\u00e1."}, {"id": "915", "ano": "2023", "numero": "149", "tipo__sigla": "IND", "tipo__descricao": "INDICA\u00c7\u00c3O", "autoria": "SUELI SOUZA", "texto_original": "http://sapl.portogrande.ap.leg.br/media/sapl/public/materialegislativa/2023/915/ind_149_2023_gab_vera_sueli.pdf.pdf", "ementa": "INDICA AO EXCELENT\u00cdSSIMO SENHOR JOS\u00c9 MARIA BESSA DE OLIVEIRA \u2013 PREFEITO MUNICIPAL DE PORTO GRANDE, QUE NO USO DE SUAS ATRIBUI\u00c7\u00d5ES LEGAIS, ATRAV\u00c9S DO QUAL SOLICITO COM URG\u00caNCIA A ILUMINA\u00c7\u00c3O P\u00daBLICA DO BAIRRO MANOEL CORTEZ EM TODA SUA EXTENS\u00c3O."}, {"id": "916", "ano": "2023", "numero": "150", "tipo__sigla": "IND", "tipo__descricao": "INDICA\u00c7\u00c3O", "autoria": "SUELI SOUZA", "texto_original": "http://sapl.portogrande.ap.leg.br/media/sapl/public/materialegislativa/2023/916/ind_150_2023_gab_vera_sueli.pdf.pdf", "ementa": "INDICA AO EXCELENT\u00cdSSIMO SENHOR JOS\u00c9 MARIA BESSA DE OLIVEIRA \u2013 PREFEITO MUNICIPAL DE PORTO GRANDE, QUE NO USO DE SUAS ATRIBUI\u00c7\u00d5ES LEGAIS, ATRAV\u00c9S DO QUAL SOLICITO A ILUMINA\u00c7\u00c3O P\u00daBLICA E LIMPEZA DAS RUAS DO BAIRRO NOVA ESPERAN\u00c7A."}, {"id": "918", "ano": "2023", "numero": "151", "tipo__sigla": "IND", "tipo__descricao": "INDICA\u00c7\u00c3O", "autoria": "GURI DO MATAPI", "texto_original": "http://sapl.portogrande.ap.leg.br/media/sapl/public/materialegislativa/2023/918/ind_151_2023_gab_ver_guri.pdf.pdf", "ementa": "INDICA A SENHORA ESMERALDA DE OLIVEIRA MONTENEGRO - SECRET\u00c1RIA MUNICIPAL DE SA\u00daDE - SEMSA, QUE SEJA ADICIONADO UM ADITIVO PARA MELHORIAS NA ESTRUTURA DA UNIDADE DE SA\u00daDE MANOEL DE SOUZA PEREIRA."}, {"id": "919", "ano": "2023", "numero": "152", "tipo__sigla": "IND", "tipo__descricao": "INDICA\u00c7\u00c3O", "autoria": "PROFESSOR NELSON", "texto_original": "http://sapl.portogrande.ap.leg.br/media/sapl/public/materialegislativa/2023/919/ind_152_2023_gab_ver_nelson.pdf.pdf", "ementa": "INDICA AO EXCELENT\u00cdSSIMO SENHOR JOS\u00c9 MARIA BESSA DE OLIVEIRA - PREFEITO DO MUNIC\u00cdPIO DE PORTO GRANDE, QUE NO USO DE SUAS ATRIBUI\u00c7\u00d5ES LEGAIS, ATRAV\u00c9S DOS QUAIS SEJA VIABILIZADO CAMINH\u00c3O PIPA PARA MOLHAR AS VIAS P\u00daBLICAS DOS BAIRROS QUE N\u00c3O POSSUEM ASFALTO OU PAVIMENTA\u00c7\u00c3O EM NOSSA CIDADE."}, {"id": "920", "ano": "2023", "numero": "153", "tipo__sigla": "IND", "tipo__descricao": "INDICA\u00c7\u00c3O", "autoria": "NAINHA SANTANA", "texto_original": "http://sapl.portogrande.ap.leg.br/media/sapl/public/materialegislativa/2023/920/ind_153_2023_gab_vera_nainha.pdf.pdf", "ementa": "INDICA A VOSSA EXCEL\u00caNCIA DEPUTADO ESTADUAL HILDEGARD GURGEL, QUE NO USO DE SUAS ATRIBUI\u00c7\u00d5ES LEGAIS, ATRAV\u00c9S DO QUAL POSSA SOLICITAR A REPRESENTA\u00c7\u00c3O DA ESCOLA DE M\u00daSICA WALQU\u00cdRIA LIMA OU UMA ESCOLA DE M\u00daSICA ESTADUAL EM PORTO GRANDE."}, {"id": "921", "ano": "2023", "numero": "154", "tipo__sigla": "IND", "tipo__descricao": "INDICA\u00c7\u00c3O", "autoria": "NAINHA SANTANA", "texto_original": "http://sapl.portogrande.ap.leg.br/media/sapl/public/materialegislativa/2023/921/ind_154_2023_gab_vera_nainha.pdf.pdf", "ementa": "INDICA A VOSSA EXCEL\u00caNCIA DEPUTADO ESTADUAL HILDEGARD GURGEL, QUE NO USO DE SUAS ATRIBUI\u00c7\u00d5ES LEGAIS, ATRAV\u00c9S DO QUAL POSSA SOLICITAR A CONSTRU\u00c7\u00c3O DE UMA CRECHE PARA O BAIRRO NOVA ESPERAN\u00c7A."}, {"id": "922", "ano": "2023", "numero": "155", "tipo__sigla": "IND", "tipo__descricao": "INDICA\u00c7\u00c3O", "autoria": "NAINHA SANTANA", "texto_original": "http://sapl.portogrande.ap.leg.br/media/sapl/public/materialegislativa/2023/922/ind_155_2023_gab_vera_nainha.pdf.pdf", "ementa": "INDICA A VOSSA EXCEL\u00caNCIA DEPUTADO ESTADUAL HILDEGARD GURGEL, QUE NO USO DE SUAS ATRIBUI\u00c7\u00d5ES LEGAIS, ATRAV\u00c9S DO QUAL POSSA SOLICITAR A CONSTRU\u00c7\u00c3O DE UMA QUADRA POLIESPORTIVA PARA A ESCOLA ESTADUAL ELIAS TRAJANO."}, {"id": "923", "ano": "2023", "numero": "156", "tipo__sigla": "IND", "tipo__descricao": "INDICA\u00c7\u00c3O", "autoria": "NAINHA SANTANA", "texto_original": "http://sapl.portogrande.ap.leg.br/media/sapl/public/materialegislativa/2023/923/ind_156_2023_gab_vera_nainha.pdf.pdf", "ementa": "INDICA A VOSSA EXCEL\u00caNCIA DEPUTADO ESTADUAL HILDEGARD GURGEL, QUE NO USO DE SUAS ATRIBUI\u00c7\u00d5ES LEGAIS, ATRAV\u00c9S DO QUAL POSSA SOLICITAR A CONSTRU\u00c7\u00c3O DE UM TERMINAL RODOVI\u00c1RIO PARA O MUNIC\u00cdPIO DE PORTO GRANDE."}, {"id": "924", "ano": "2023", "numero": "157", "tipo__sigla": "IND", "tipo__descricao": "INDICA\u00c7\u00c3O", "autoria": "NAINHA SANTANA", "texto_original": "http://sapl.portogrande.ap.leg.br/media/sapl/public/materialegislativa/2023/924/ind_157_2023_gab_vera_nainha.pdf.pdf", "ementa": "INDICA A VOSSA EXCEL\u00caNCIA DEPUTADO ESTADUAL HILDEGARD GURGEL, QUE NO USO DE SUAS ATRIBUI\u00c7\u00d5ES LEGAIS, ATRAV\u00c9S DO QUAL POSSA SOLICITAR A INSTALA\u00c7\u00c3O DE UM POSTO DE COMANDO DO BOPE EM PORTO GRANDE PARA ATENDER O MUNIC\u00cdPIO E REGI\u00c3O."}, {"id": "925", "ano": "2023", "numero": "158", "tipo__sigla": "IND", "tipo__descricao": "INDICA\u00c7\u00c3O", "autoria": "NAINHA SANTANA", "texto_original": "http://sapl.portogrande.ap.leg.br/media/sapl/public/materialegislativa/2023/925/ind_158_2023_gab_vera_nainha.pdf.pdf", "ementa": "INDICA A VOSSA EXCEL\u00caNCIA DEPUTADO ESTADUAL HILDEGARD GURGEL, QUE NO USO DE SUAS ATRIBUI\u00c7\u00d5ES LEGAIS, ATRAV\u00c9S DO QUAL POSSA SOLICITAR A CONSTRU\u00c7\u00c3O DE UMA QUADRA POLIESPORTIVA PARA A ESCOLA ESTADUAL MATAPI 2 NA COL\u00d4NIA AGR\u00cdCOLA DO MATAPI."}, {"id": "926", "ano": "2023", "numero": "159", "tipo__sigla": "IND", "tipo__descricao": "INDICA\u00c7\u00c3O", "autoria": "NAINHA SANTANA", "texto_original": "http://sapl.portogrande.ap.leg.br/media/sapl/public/materialegislativa/2023/926/ind_159_2023_gab_vera_nainha.pdf.pdf", "ementa": "INDICA A VOSSA EXCEL\u00caNCIA DEPUTADO ESTADUAL HILDEGARD GURGEL, QUE NO USO DE SUAS ATRIBUI\u00c7\u00d5ES LEGAIS, ATRAV\u00c9S DO QUAL POSSA SOLICITAR A CONSTRU\u00c7\u00c3O DE UM PR\u00c9DIO SEDE DO GOVERNO, COM REPRESENTA\u00c7\u00c3O E OUVIDORIA, PARA ESTREITAR O CONTATO COM A POPULA\u00c7\u00c3O."}, {"id": "927", "ano": "2023", "numero": "160", "tipo__sigla": "IND", "tipo__descricao": "INDICA\u00c7\u00c3O", "autoria": "NAINHA SANTANA", "texto_original": "http://sapl.portogrande.ap.leg.br/media/sapl/public/materialegislativa/2023/927/ind_160_2023_gab_vera_nainha.pdf.pdf", "ementa": "INDICA A VOSSA EXCEL\u00caNCIA DEPUTADO ESTADUAL HILDEGARD GURGEL, QUE NO USO DE SUAS ATRIBUI\u00c7\u00d5ES LEGAIS, ATRAV\u00c9S DO QUAL POSSA SOLICITAR A RETOMADA DAS OBRAS DA CENTRAL DE ABASTECIMENTO DA AGRICULTURA, QUE SE ENCONTRA ABANDONADA H\u00c1 ANOS."}, {"id": "928", "ano": "2023", "numero": "161", "tipo__sigla": "IND", "tipo__descricao": "INDICA\u00c7\u00c3O", "autoria": "NAINHA SANTANA", "texto_original": "http://sapl.portogrande.ap.leg.br/media/sapl/public/materialegislativa/2023/928/ind_161_2023_gab_vera_nainha.pdf.pdf", "ementa": "INDICA A VOSSA EXCEL\u00caNCIA DEPUTADO ESTADUAL HILDEGARD GURGEL, QUE NO USO DE SUAS ATRIBUI\u00c7\u00d5ES LEGAIS, ATRAV\u00c9S DO QUAL POSSA SOLICITAR A IMPLANTA\u00c7\u00c3O DA DELEGACIA DA MULHER PARA ATENDER V\u00cdTIMAS DE VIOL\u00caNCIA EM PORTO GRANDE E MUNIC\u00cdPIOS VIZINHOS."}, {"id": "929", "ano": "2023", "numero": "162", "tipo__sigla": "IND", "tipo__descricao": "INDICA\u00c7\u00c3O", "autoria": "NAINHA SANTANA", "texto_original": "http://sapl.portogrande.ap.leg.br/media/sapl/public/materialegislativa/2023/929/ind_162_2023_gab_vera_nainha.pdf.pdf", "ementa": "INDICA A VOSSA EXCEL\u00caNCIA DEPUTADO ESTADUAL HILDEGARD GURGEL, QUE NO USO DE SUAS ATRIBUI\u00c7\u00d5ES LEGAIS, ATRAV\u00c9S DO QUAL POSSA SOLICITAR TERRAPLANAGEM E PAVIMENTA\u00c7\u00c3O ASF\u00c1LTICA EM TODAS AS RUAS E AVENIDAS DO BAIRRO BRASIL TROPICAL."}, {"id": "930", "ano": "2023", "numero": "163", "tipo__sigla": "IND", "tipo__descricao": "INDICA\u00c7\u00c3O", "autoria": "NAINHA SANTANA", "texto_original": "http://sapl.portogrande.ap.leg.br/media/sapl/public/materialegislativa/2023/930/ind_163_2023_gab_vera_nainha.pdf.pdf", "ementa": "INDICA A VOSSA EXCEL\u00caNCIA DEPUTADO ESTADUAL HILDEGARD GURGEL, QUE NO USO DE SUAS ATRIBUI\u00c7\u00d5ES LEGAIS, ATRAV\u00c9S DO QUAL POSSA SOLICITAR UMA UTI M\u00d3VEL PARA ATENDER O DISTRITO DO CUPIXI E COMUNIDADES VIZINHAS."}, {"id": "931", "ano": "2023", "numero": "164", "tipo__sigla": "IND", "tipo__descricao": "INDICA\u00c7\u00c3O", "autoria": "NAINHA SANTANA", "texto_original": "http://sapl.portogrande.ap.leg.br/media/sapl/public/materialegislativa/2023/931/ind_164_2023_gab_vera_nainha.pdf.pdf", "ementa": "INDICA A VOSSA EXCEL\u00caNCIA DEPUTADO ESTADUAL HILDEGARD GURGEL, QUE NO USO DE SUAS ATRIBUI\u00c7\u00d5ES LEGAIS, ATRAV\u00c9S DO QUAL POSSA SOLICITAR TRATATIVAS COM A EMPRESA CEA EQUATORIAL ENERGIA PARA REDU\u00c7\u00c3O DOS VALORES DA ENERGIA EL\u00c9TRICA NO AMAP\u00c1."}, {"id": "932", "ano": "2023", "numero": "165", "tipo__sigla": "IND", "tipo__descricao": "INDICA\u00c7\u00c3O", "autoria": "NAINHA SANTANA", "texto_original": "http://sapl.portogrande.ap.leg.br/media/sapl/public/materialegislativa/2023/932/ind_165_2023_gab_vera_nainha.pdf.pdf", "ementa": "INDICA A VOSSA EXCEL\u00caNCIA DEPUTADO ESTADUAL HILDEGARD GURGEL, QUE NO USO DE SUAS ATRIBUI\u00c7\u00d5ES LEGAIS, ATRAV\u00c9S DO QUAL POSSA SOLICITAR UM AUMENTO NO EFETIVO DE POL\u00cdCIA CIVIL E MILITAR PARA GARANTIR A SEGURAN\u00c7A P\u00daBLICA EM PORTO GRANDE."}, {"id": "933", "ano": "2023", "numero": "166", "tipo__sigla": "IND", "tipo__descricao": "INDICA\u00c7\u00c3O", "autoria": "NAINHA SANTANA", "texto_original": "http://sapl.portogrande.ap.leg.br/media/sapl/public/materialegislativa/2023/933/ind_166_2023_gab_vera_nainha.pdf.pdf", "ementa": "INDICA A VOSSA EXCEL\u00caNCIA DEPUTADO ESTADUAL HILDEGARD GURGEL, QUE NO USO DE SUAS ATRIBUI\u00c7\u00d5ES LEGAIS, ATRAV\u00c9S DO QUAL POSSA SOLICITAR A CONSTRU\u00c7\u00c3O DE UMA PRA\u00c7A PARA A COMUNIDADE DO 142."}, {"id": "934", "ano": "2023", "numero": "167", "tipo__sigla": "IND", "tipo__descricao": "INDICA\u00c7\u00c3O", "autoria": "NAINHA SANTANA", "texto_original": "http://sapl.portogrande.ap.leg.br/media/sapl/public/materialegislativa/2023/934/ind_167_2023_gab_vera_nainha.pdf.pdf", "ementa": "INDICA A VOSSA EXCEL\u00caNCIA DEPUTADO ESTADUAL HILDEGARD GURGEL, QUE NO USO DE SUAS ATRIBUI\u00c7\u00d5ES LEGAIS, ATRAV\u00c9S DO QUAL POSSA SOLICITAR JUNTO AO GOVERNO DO ESTADO A INAUGURA\u00c7\u00c3O URGENTE DO HOSPITAL REGIONAL NO MUNIC\u00cdPIO DE PORTO GRANDE."}, {"id": "935", "ano": "2023", "numero": "168", "tipo__sigla": "IND", "tipo__descricao": "INDICA\u00c7\u00c3O", "autoria": "NAINHA SANTANA", "texto_original": "http://sapl.portogrande.ap.leg.br/media/sapl/public/materialegislativa/2023/935/ind_168_2023_gab_vera_nainha.pdf.pdf", "ementa": "INDICA A VOSSA EXCEL\u00caNCIA DEPUTADO ESTADUAL HILDEGARD GURGEL, QUE NO USO DE SUAS ATRIBUI\u00c7\u00d5ES LEGAIS, ATRAV\u00c9S DO QUAL POSSA SOLICITAR A CONSTRU\u00c7\u00c3O DE UMA ESCOLA ESTADUAL PARA O BAIRRO MANOEL CORTEZ."}, {"id": "936", "ano": "2023", "numero": "169", "tipo__sigla": "IND", "tipo__descricao": "INDICA\u00c7\u00c3O", "autoria": "NAINHA SANTANA", "texto_original": "http://sapl.portogrande.ap.leg.br/media/sapl/public/materialegislativa/2023/936/ind_169_2023_gab_vera_nainha.pdf.pdf", "ementa": "INDICA A VOSSA EXCEL\u00caNCIA DEPUTADO ESTADUAL HILDEGARD GURGEL, QUE NO USO DE SUAS ATRIBUI\u00c7\u00d5ES LEGAIS, ATRAV\u00c9S DO QUAL POSSA SOLICITAR MEDIDAS PARA O FUNCIONAMENTO IMEDIATO DO SAMU, QUE ENCONTRA-SE EM ESTADO DE ABANDONO."}, {"id": "937", "ano": "2023", "numero": "170", "tipo__sigla": "IND", "tipo__descricao": "INDICA\u00c7\u00c3O", "autoria": "NAINHA SANTANA", "texto_original": "http://sapl.portogrande.ap.leg.br/media/sapl/public/materialegislativa/2023/937/ind_170_2023_gab_vera_nainha.pdf.pdf", "ementa": "INDICA A VOSSA EXCEL\u00caNCIA DEPUTADO ESTADUAL HILDEGARD GURGEL, QUE NO USO DE SUAS ATRIBUI\u00c7\u00d5ES LEGAIS, ATRAV\u00c9S DO QUAL POSSA SOLICITAR MANUTEN\u00c7\u00c3O E TERRAPLANAGEM DOS RAMAIS EM DIVERSAS COMUNIDADES, COMO MATAPI E NOVA CANA\u00c3."}, {"id": "938", "ano": "2023", "numero": "171", "tipo__sigla": "IND", "tipo__descricao": "INDICA\u00c7\u00c3O", "autoria": "NAINHA SANTANA", "texto_original": "http://sapl.portogrande.ap.leg.br/media/sapl/public/materialegislativa/2023/938/ind_171_2023_gab_vera_nainha.pdf.pdf", "ementa": "INDICA A VOSSA EXCEL\u00caNCIA DEPUTADO ESTADUAL HILDEGARD GURGEL, QUE NO USO DE SUAS ATRIBUI\u00c7\u00d5ES LEGAIS, ATRAV\u00c9S DO QUAL POSSA SOLICITAR CURSOS PROFISSIONALIZANTES PARA JOVENS EM PARCERIA COM A SECRETARIA DE ASSIST\u00caNCIA SOCIAL DO ESTADO E O SEBRAE."}, {"id": "939", "ano": "2023", "numero": "172", "tipo__sigla": "IND", "tipo__descricao": "INDICA\u00c7\u00c3O", "autoria": "NAINHA SANTANA", "texto_original": "http://sapl.portogrande.ap.leg.br/media/sapl/public/materialegislativa/2023/939/ind_172_2023_gab_vera_nainha.pdf.pdf", "ementa": "INDICA A VOSSA EXCEL\u00caNCIA DEPUTADO ESTADUAL HILDEGARD GURGEL, QUE NO USO DE SUAS ATRIBUI\u00c7\u00d5ES LEGAIS, ATRAV\u00c9S DO QUAL POSSA SOLICITAR A INSTALA\u00c7\u00c3O DE SEM\u00c1FOROS NAS PRINCIPAIS RUAS DE FLUXO DE TR\u00c2NSITO EM PORTO GRANDE."}, {"id": "944", "ano": "2023", "numero": "173", "tipo__sigla": "IND", "tipo__descricao": "INDICA\u00c7\u00c3O", "autoria": "NARSON SANTOS", "texto_original": "http://sapl.portogrande.ap.leg.br/media/sapl/public/materialegislativa/2023/944/ind_173_2023_gab_ver_narson.pdf", "ementa": "INDICAR, A BANCADA DE DEPUTADOS ESTADUAIS DO ESTADO DO AMAP\u00c1, QUE NO USO DE SUAS ATRIBUI\u00c7\u00d5ES LEGAIS, ATRAV\u00c9S DO QUAL, SOLICITO DESTACAMENTO DA POL\u00cdCIA MILITAR NO DISTRITO DO CUPIXI."}, {"id": "945", "ano": "2023", "numero": "174", "tipo__sigla": "IND", "tipo__descricao": "INDICA\u00c7\u00c3O", "autoria": "NARSON SANTOS", "texto_original": "http://sapl.portogrande.ap.leg.br/media/sapl/public/materialegislativa/2023/945/ind_174_2023_gab_ver_narson.pdf", "ementa": "INDICAR, A BANCADA DE DEPUTADOS ESTADUAIS DO ESTADO DO AMAP\u00c1, QUE NO USO DE SUAS ATRIBUI\u00c7\u00d5ES LEGAIS, ATRAV\u00c9S DO QUAL, SOLICITO UM POLO UNIVERSIT\u00c1RIO DA UNIVERSIDADE FEDERAL EM PORTO GRANDE."}, {"id": "946", "ano": "2023", "numero": "175", "tipo__sigla": "IND", "tipo__descricao": "INDICA\u00c7\u00c3O", "autoria": "NARSON SANTOS", "texto_original": "http://sapl.portogrande.ap.leg.br/media/sapl/public/materialegislativa/2023/946/ind_175_2023_gab_ver_narson.pdf", "ementa": "INDICAR, A BANCADA DE DEPUTADOS ESTADUAIS DO ESTADO DO AMAP\u00c1, QUE NO USO DE SUAS ATRIBUI\u00c7\u00d5ES LEGAIS, ATRAV\u00c9S DO QUAL, SOLICITO APOIO AO DESTOCAMENTO DE \u00c1REAS E PREPARO DE TERRAS DOS AGRICULTORES DA ZONA RURAL DO MUNIC\u00cdPIO."}, {"id": "947", "ano": "2023", "numero": "176", "tipo__sigla": "IND", "tipo__descricao": "INDICA\u00c7\u00c3O", "autoria": "NARSON SANTOS", "texto_original": "http://sapl.portogrande.ap.leg.br/media/sapl/public/materialegislativa/2023/947/ind_176_2023_gab_ver_narson.pdf", "ementa": "INDICAR, A BANCADA DE DEPUTADOS ESTADUAIS DO ESTADO DO AMAP\u00c1, QUE NO USO DE SUAS ATRIBUI\u00c7\u00d5ES LEGAIS, ATRAV\u00c9S DO QUAL, SOLICITO APOIO DE COMBUST\u00cdVEL PARA A MANUTEN\u00c7\u00c3O DAS ESTRADAS E VICINAIS DO INTERIOR DO MUNIC\u00cdPIO DE PORTO GRANDE."}, {"id": "948", "ano": "2023", "numero": "177", "tipo__sigla": "IND", "tipo__descricao": "INDICA\u00c7\u00c3O", "autoria": "NARSON SANTOS", "texto_original": "http://sapl.portogrande.ap.leg.br/media/sapl/public/materialegislativa/2023/948/ind_177_2023_gab_ver_narson.pdf", "ementa": "INDICAR, A BANCADA DE DEPUTADOS ESTADUAIS DO ESTADO DO AMAP\u00c1, QUE NO USO DE SUAS ATRIBUI\u00c7\u00d5ES LEGAIS, ATRAV\u00c9S DO QUAL, SOLICITO APOIO AOS AGRICULTORES COM ADUBOS E EQUIPAMENTOS AGR\u00cdCOLAS."}, {"id": "957", "ano": "2023", "numero": "178", "tipo__sigla": "IND", "tipo__descricao": "INDICA\u00c7\u00c3O", "autoria": "AMIGO DOMINGOS", "texto_original": "http://sapl.portogrande.ap.leg.br/media/sapl/public/materialegislativa/2023/957/ind_178_2023_gab_ver_domingos.pdf.pdf", "ementa": "INDICAR A CEA EQUATORIAL, QUE NO USO DE SUAS ATRIBUI\u00c7\u00d5ES VENHO RESPEITOSAMENTE SOLICITAR A COLOCA\u00c7\u00c3O DE POSTES NO GARIMPO DO VILA NOVA."}, {"id": "958", "ano": "2023", "numero": "179", "tipo__sigla": "IND", "tipo__descricao": "INDICA\u00c7\u00c3O", "autoria": "AMIGO DOMINGOS", "texto_original": "http://sapl.portogrande.ap.leg.br/media/sapl/public/materialegislativa/2023/958/ind_179_2023_gab_ver_domingos.pdf.pdf", "ementa": "INDICAR AO EXCELENT\u00cdSSIMO SENHOR JOS\u00c9 MARIA BESSA DE OLIVEIRA - PREFEITO MUNICIPAL, QUE NO USO DE SUAS ATRIBUI\u00c7\u00d5ES VENHO RESPEITOSAMENTE SOLICITAR A REPOSI\u00c7\u00c3O DE LUMIN\u00c1RIAS NO GARIMPO DO VILA NOVA."}, {"id": "959", "ano": "2023", "numero": "180", "tipo__sigla": "IND", "tipo__descricao": "INDICA\u00c7\u00c3O", "autoria": "AMIGO DOMINGOS", "texto_original": "http://sapl.portogrande.ap.leg.br/media/sapl/public/materialegislativa/2023/959/ind_180_2023_gab_ver_domingos.pdf.pdf", "ementa": "INDICAR AO EXCELENT\u00cdSSIMO SENHOR CL\u00c9CIO LU\u00cdS - GOVERNADOR DO ESTADO DO AMAP\u00c1, QUE NO USO DE SUAS ATRIBUI\u00c7\u00d5ES VENHO RESPEITOSAMENTE SOLICITAR A REFORMA E AMPLIA\u00c7\u00c3O DA ESCOLA ESTADUAL SANTA MARIA DO VILA NOVA."}, {"id": "966", "ano": "2023", "numero": "181", "tipo__sigla": "IND", "tipo__descricao": "INDICA\u00c7\u00c3O", "autoria": "ALEX LOPES", "texto_original": "http://sapl.portogrande.ap.leg.br/media/sapl/public/materialegislativa/2023/966/ind_181_2023_gab_ver_alex.pdf.pdf", "ementa": "INDICA A VOSSA EXCEL\u00caNCIA SENHOR JOS\u00c9 MARIA BESSA DE OLIVEIRA - PREFEITO MUNICIPAL DE PORTO GRANDE, QUE NO USO DE SUAS ATRIBUI\u00c7\u00d5ES LEGAIS, ATRAV\u00c9S DOS QUAIS POSSA PROVIDENCIAR O FORNECIMENTO DE \u00c1GUA PARA A ESCOLA MUNICIPAL DA LINHA C NO MATAPI POIS O PO\u00c7O EST\u00c1 INUTILIZ\u00c1VEL."}, {"id": "967", "ano": "2023", "numero": "182", "tipo__sigla": "IND", "tipo__descricao": "INDICA\u00c7\u00c3O", "autoria": "ALEX LOPES", "texto_original": "http://sapl.portogrande.ap.leg.br/media/sapl/public/materialegislativa/2023/967/ind_182_2023_gab_ver_alex.pdf.pdf", "ementa": "INDICA A VOSSA EXCEL\u00caNCIA SENHOR JOS\u00c9 MARIA BESSA DE OLIVEIRA - PREFEITO MUNICIPAL DE PORTO GRANDE, QUE NO USO DE SUAS ATRIBUI\u00c7\u00d5ES LEGAIS, ATRAV\u00c9S DOS QUAIS POSSA CLIMATIZAR A ESCOLA MUNICIPAL DA LINHA C DO MATAPI DO NOSSO MUNIC\u00cdPIO DE PORTO GRANDE."}, {"id": "968", "ano": "2023", "numero": "183", "tipo__sigla": "IND", "tipo__descricao": "INDICA\u00c7\u00c3O", "autoria": "ALEX LOPES", "texto_original": "http://sapl.portogrande.ap.leg.br/media/sapl/public/materialegislativa/2023/968/ind_183_2023_gab_ver_alex.pdf.pdf", "ementa": "INDICA A VOSSA EXCEL\u00caNCIA SENHOR JOS\u00c9 MARIA BESSA DE OLIVEIRA - PREFEITO MUNICIPAL DE PORTO GRANDE, QUE NO USO DE SUAS ATRIBUI\u00c7\u00d5ES LEGAIS, ATRAV\u00c9S DOS QUAIS POSSA FAZER UM MURO DE PROTE\u00c7\u00c3O NA ESCOLA MUNICIPAL DA LINHA C DO MATAPI DO NOSSO MUNIC\u00cdPIO DE PORTO GRANDE."}, {"id": "969", "ano": "2023", "numero": "184", "tipo__sigla": "IND", "tipo__descricao": "INDICA\u00c7\u00c3O", "autoria": "RUY ANDRADE", "texto_original": "http://sapl.portogrande.ap.leg.br/media/sapl/public/materialegislativa/2023/969/ind_184_2023_gab_ver_ruy.pdf.pdf", "ementa": "INDICAR AO EXCELENT\u00cdSSIMO SENHOR JOS\u00c9 MARIA BESSA DE OLIVEIRA - PREFEITO MUNICIPAL, QUE SEJA VIABILIZADO JUNTO \u00c0 SECRETARIA MUNICIPAL DE INFRAESTRUTURA A RELIGA\u00c7\u00c3O DAS L\u00c2MPADAS DE LED LOCALIZADA NA RUA JOS\u00c9 DA SILVA PARANHOS ENTRE AS AVENIDAS MAZAG\u00c3O E M\u00c1RIO CRUZ E NOTIFICAR A CEA EQUATORIAL QUANTO AOS SERVI\u00c7OS REALIZADOS NAS REDES, QUE A MESMA AO DESLIGAREM AS L\u00c2MPADAS QUE RELIGUE NOVAMENTE."}, {"id": "970", "ano": "2023", "numero": "185", "tipo__sigla": "IND", "tipo__descricao": "INDICA\u00c7\u00c3O", "autoria": "GALENO DO VILA NOVA", "texto_original": "http://sapl.portogrande.ap.leg.br/media/sapl/public/materialegislativa/2023/970/ind_185_2023_gab_ver_galeno.pdf.pdf", "ementa": "INDICA AO EXCELENT\u00cdSSIMO DE SENHOR JOS\u00c9 MARIA BESSA DE OLIVEIRA - PREFEITO MUNICIPAL DE PORTO GRANDE, QUE NO USO DE SUAS ATRIBUI\u00c7\u00d5ES LEGAIS, ATRAV\u00c9S DOS QUAIS, QUE SEJA FEITO UMA AMPLIA\u00c7\u00c3O QUE RESOLVA A DEFICI\u00caNCIA DO ABASTECIMENTO DE \u00c1GUA DA COMUNIDADE DO VILA NOVA."}, {"id": "971", "ano": "2023", "numero": "186", "tipo__sigla": "IND", "tipo__descricao": "INDICA\u00c7\u00c3O", "autoria": "GALENO DO VILA NOVA", "texto_original": "http://sapl.portogrande.ap.leg.br/media/sapl/public/materialegislativa/2023/971/ind_186_2023_gab_ver_galeno.pdf.pdf", "ementa": "INDICA AO EXCELENT\u00cdSSIMO DE SENHOR JOS\u00c9 MARIA BESSA DE OLIVEIRA - PREFEITO MUNICIPAL DE PORTO GRANDE, QUE NO USO DE SUAS ATRIBUI\u00c7\u00d5ES LEGAIS, ATRAV\u00c9S DOS QUAIS, QUE SEJA FEITO A REABERTURA DE ALGUNS RAMAIS DO KM 20 DO CUPIXI VILA NOVA."}, {"id": "972", "ano": "2023", "numero": "187", "tipo__sigla": "IND", "tipo__descricao": "INDICA\u00c7\u00c3O", "autoria": "ALEX LOPES", "texto_original": "http://sapl.portogrande.ap.leg.br/media/sapl/public/materialegislativa/2023/972/ind_187_2023_gab_ver_alex.pdf.pdf", "ementa": "INDICAR AO JOS\u00c9 MARIA BESSA DE OLIVEIRA PARA QUE POSSA DISPONIBILIZAR UM CAMINH\u00c3O PIPA PARA O DISTRITO DO CUPIX\u00cd PARA QUE NESSE PER\u00cdODO DE VER\u00c3O POSSA MOLHAR AS VIAS PRINCIPAIS EM FUN\u00c7\u00c3O DA INTENSA POEIRA E FICAR DE SOBRE AVISO PARA ALGUM EVENTUAL SINISTRO QUE POSSA OCORRER NO DISTRITO E REGI\u00d5ES PR\u00d3XIMAS."}, {"id": "973", "ano": "2023", "numero": "188", "tipo__sigla": "IND", "tipo__descricao": "INDICA\u00c7\u00c3O", "autoria": "NAINHA SANTANA", "texto_original": "http://sapl.portogrande.ap.leg.br/media/sapl/public/materialegislativa/2023/973/ind_188_2023_gab_vera_nainha.pdf.pdf", "ementa": "INDICAR AO DAVI ALCOLUMBRE, SENADOR DO ESTADO DO AMAP\u00c1, SOLICITO RECURSOS PARA A CONSTRU\u00c7\u00c3O DE 80 (OITENTA) UNIDADES CASAS POPULARES PARA ATENDER A COMUNIDADE DO VILA NOVA DO MUNIC\u00cdPIO DE PORTO GRANDE."}, {"id": "974", "ano": "2023", "numero": "189", "tipo__sigla": "IND", "tipo__descricao": "INDICA\u00c7\u00c3O", "autoria": "NARSON SANTOS", "texto_original": "http://sapl.portogrande.ap.leg.br/media/sapl/public/materialegislativa/2023/974/ind_189_2023_gab_ver_narson.pdf.pdf", "ementa": "INDICAR, AO EXCELENT\u00cdSSIMO SENHOR JOS\u00c9 MARIA BESSA DE OLIVEIRA \u2013 PREFEITO MUNICIPAL, A MECANIZA\u00c7\u00c3O DE TERRAS AGR\u00cdCOLAS NA COMUNIDADE DO VILA NOVA - ZONA RURAL DO MUNIC\u00cdPIO DE PORTO GRANDE-AP."}, {"id": "975", "ano": "2023", "numero": "190", "tipo__sigla": "IND", "tipo__descricao": "INDICA\u00c7\u00c3O", "autoria": "GALENO DO VILA NOVA, NARSON SANTOS", "texto_original": "http://sapl.portogrande.ap.leg.br/media/sapl/public/materialegislativa/2023/975/ind_190_2023_gab_ver_galeno_e_narson.pdf.pdf", "ementa": "INDICAR, AO EXCELENT\u00cdSSIMO SENHOR JOS\u00c9 MARIA BESSA DE OLIVEIRA \u2013 PREFEITO MUNICIPAL, A CONSTRU\u00c7\u00c3O DE UMA PRA\u00c7A COM ACADEMIA AO AR LIVRE NA COMUNIDADE DO VILA NOVA - ZONA RURAL DO MUNIC\u00cdPIO DE PORTO GRANDE-AP."}, {"id": "976", "ano": "2023", "numero": "191", "tipo__sigla": "IND", "tipo__descricao": "INDICA\u00c7\u00c3O", "autoria": "GURI DO MATAPI", "texto_original": "http://sapl.portogrande.ap.leg.br/media/sapl/public/materialegislativa/2023/976/ind_191_2023_gab_ver_guri.pdf.pdf", "ementa": "INDICAR AO EXCELENT\u00cdSSIMO SENHOR JOS\u00c9 MARIA BESSA \u2013 PREFEITO MUNICIPAL - QUE SEJA FEITO A MANUTEN\u00c7\u00c3O DAS LINHAS A, B, C , G E H DO MATAPI E RAMAIS."}, {"id": "977", "ano": "2023", "numero": "192", "tipo__sigla": "IND", "tipo__descricao": "INDICA\u00c7\u00c3O", "autoria": "PROFESSOR NELSON", "texto_original": "http://sapl.portogrande.ap.leg.br/media/sapl/public/materialegislativa/2023/977/ind_192_2023_gab_ver_nelson.pdf", "ementa": "INDICA AO EXCELENT\u00cdSSIMO SENHOR PEDRO JORD\u00c3O, SECRET\u00c1RIO DE ADMINISTRA\u00c7\u00c3O DO MUNIC\u00cdPIO DE PORTO GRANDE, QUE NO USO DE SUAS ATRIBUI\u00c7\u00d5ES LEGAIS, ATRAV\u00c9S DOS QUAIS SOLICITO QUE SEJA FEITO A MANUTEN\u00c7\u00c3O DO RAMAL DO BODE (KM 121) E ALGUNS ACESSOS AT\u00c9 A BEIRA DO RIO AMAPARI, EM FUN\u00c7\u00c3O QUE A ESTRADA SE ENCONTRA QUASE INTERDITADA EM ALGUNS LOCAIS."}, {"id": "978", "ano": "2023", "numero": "193", "tipo__sigla": "IND", "tipo__descricao": "INDICA\u00c7\u00c3O", "autoria": "PROFESSOR NELSON", "texto_original": "http://sapl.portogrande.ap.leg.br/media/sapl/public/materialegislativa/2023/978/ind_193_2023_gab_ver_nelson.pdf", "ementa": "INDICA AO EXCELENT\u00cdSSIMO SENHOR PEDRO JORD\u00c3O, SECRET\u00c1RIO DE ADMINISTRA\u00c7\u00c3O DO MUNIC\u00cdPIO DE PORTO GRANDE, QUE NO USO DE SUAS ATRIBUI\u00c7\u00d5ES LEGAIS, ATRAV\u00c9S DOS QUAIS SOLICITO QUE SEJA FEITO A MANUTEN\u00c7\u00c3O DO RAMAL DO SEVERINO (KM 117) AT\u00c9 AS MARGENS DO RIO ARAGUARI, EM FUN\u00c7\u00c3O QUE A ESTRADA SE ENCONTRA QUASE INTERDITADA EM ALGUNS LOCAIS."}, {"id": "979", "ano": "2023", "numero": "194", "tipo__sigla": "IND", "tipo__descricao": "INDICA\u00c7\u00c3O", "autoria": "GURI DO MATAPI", "texto_original": "http://sapl.portogrande.ap.leg.br/media/", "ementa": "INDICAR. Ao Excelent\u00edssimo senhor Jos\u00e9 Maria Bessa \u2013 Prefeito Municipal - que seja criado a feira do pescado ao lado a feira do agricultor."}, {"id": "981", "ano": "2023", "numero": "195", "tipo__sigla": "IND", "tipo__descricao": "INDICA\u00c7\u00c3O", "autoria": "SUELI SOUZA", "texto_original": "http://sapl.portogrande.ap.leg.br/media/sapl/public/materialegislativa/2023/981/ind_195_2023_gab_vera_sueli.pdf.pdf", "ementa": "INDICA AO EXCELENT\u00cdSSIMO SENHOR JOS\u00c9 MARIA BESSA DE OLIVEIRA \u2013 PREFEITO MUNICIPAL DE PORTO GRANDE, QUE NO USO DE SUAS ATRIBUI\u00c7\u00d5ES LEGAIS, ATRAV\u00c9S DO QUAL SOLICITO A CONSTRU\u00c7\u00c3O DE UMA CASA DE PASSAGEM PARA MULHERES V\u00cdTIMAS DE VIOL\u00caNCIA DOM\u00c9STICA NO MUNIC\u00cdPIO DE PORTO GRANDE."}, {"id": "982", "ano": "2023", "numero": "196", "tipo__sigla": "IND", "tipo__descricao": "INDICA\u00c7\u00c3O", "autoria": "GURI DO MATAPI", "texto_original": "http://sapl.portogrande.ap.leg.br/media/sapl/public/materialegislativa/2023/982/ind_196_2023_gab_ver_guri.pdf.pdf", "ementa": "INDICAR A SECRET\u00c1RIA DE EDUCA\u00c7\u00c3O DO ESTADO DO AMAP\u00c1, SANDRA CASIMIRO - A REFORMA DO PR\u00c9DIO DO ANEXO DO RIBAMAR TEIXEIRA, PARA O FUNCIONAMENTO DO CENTRO DE REFER\u00caNCIA EM ATENDIMENTO ADMINISTRATIVO DO GOVERNO DO ESTADO, LOCALIZADO EM PORTO GRANDE."}, {"id": "983", "ano": "2023", "numero": "197", "tipo__sigla": "IND", "tipo__descricao": "INDICA\u00c7\u00c3O", "autoria": "GURI DO MATAPI", "texto_original": "http://sapl.portogrande.ap.leg.br/media/sapl/public/materialegislativa/2023/983/ind_197_2023_gab_ver_guri.pdf.pdf", "ementa": "INDICAR AO DEPUTADO ESTADUAL DO AMAP\u00c1, RODOLFO VALE - QUE APOIE A MANUTEN\u00c7\u00c3O DAS VICINAIS E RAMAIS DA COL\u00d4NIA AGR\u00cdCOLA DO MATAPI, INCLUINDO AS LINHAS A, B, C, G, H, O RAMAL DA GLOBO E O RAMAL DO PIA\u00c7ACA."}, {"id": "984", "ano": "2023", "numero": "198", "tipo__sigla": "IND", "tipo__descricao": "INDICA\u00c7\u00c3O", "autoria": "GALENO DO VILA NOVA", "texto_original": "http://sapl.portogrande.ap.leg.br/media/sapl/public/materialegislativa/2023/984/ind_198_2023_gab_ver_galeno.pdf.pdf", "ementa": "INDICA AO EXCELENT\u00cdSSIMO SENHOR JOS\u00c9 MARIA BESSA DE OLIVEIRA - PREFEITO MUNICIPAL DE PORTO GRANDE, QUE NO USO DE SUAS ATRIBUI\u00c7\u00d5ES LEGAIS, QUE SEJA FEITO UMA LIMPEZA DENTRO DA \u00c1REA DE BANHO DO BALNE\u00c1RIO DA CIDADE."}, {"id": "987", "ano": "2023", "numero": "199", "tipo__sigla": "IND", "tipo__descricao": "INDICA\u00c7\u00c3O", "autoria": "JOLIANNE FONTENELE", "texto_original": "http://sapl.portogrande.ap.leg.br/media/", "ementa": "INDICAR AO EXCELENT\u00cdSSIMO SENHOR JOS\u00c9 MARIA BESSA DE OLIVEIRA \u2013 PREFEITO MUNICIPAL, QUE SEJA VIABILIZADO O FORNECIMENTO DE CURSOS PROFISSIONALIZANTES PARA TRABALHADORES QUE ATUAM NA LIMPEZA DA CIDADE."}, {"id": "988", "ano": "2023", "numero": "200", "tipo__sigla": "IND", "tipo__descricao": "INDICA\u00c7\u00c3O", "autoria": "JOLIANNE FONTENELE", "texto_original": "http://sapl.portogrande.ap.leg.br/media/", "ementa": "INDICAR AO EXCELENT\u00cdSSIMO SENHOR JOS\u00c9 MARIA BESSA DE OLIVEIRA \u2013 PREFEITO MUNICIPAL, QUE SEJA VIABILIZADO JUNTO \u00c0 SECRETARIA DE INFRAESTRUTURA UM ESTUDO PARA REVITALIZA\u00c7\u00c3O DE ENTRADA E SA\u00cdDA DESTE MUNIC\u00cdPIO."}, {"id": "989", "ano": "2023", "numero": "201", "tipo__sigla": "IND", "tipo__descricao": "INDICA\u00c7\u00c3O", "autoria": "JOLIANNE FONTENELE", "texto_original": "http://sapl.portogrande.ap.leg.br/media/", "ementa": "INDICAR AO EXCELENT\u00cdSSIMO SENHOR JOS\u00c9 MARIA BESSA DE OLIVEIRA \u2013 PREFEITO MUNICIPAL, QUE SEJA VIABILIZADO JUNTO \u00c0 SECRETARIA DE INFRAESTRUTURA UM ESTUDO PARA A CONSTRU\u00c7\u00c3O DE UMA PISTA DE MOTOCROSS E UM ESPA\u00c7O PARA FUTEBOL E V\u00d4LEI DE AREIA NO BALNE\u00c1RIO DE PORTO GRANDE."}, {"id": "990", "ano": "2023", "numero": "202", "tipo__sigla": "IND", "tipo__descricao": "INDICA\u00c7\u00c3O", "autoria": "JOLIANNE FONTENELE", "texto_original": "http://sapl.portogrande.ap.leg.br/media/", "ementa": "INDICAR AO EXCELENT\u00cdSSIMO SENHOR JOS\u00c9 MARIA BESSA DE OLIVEIRA \u2013 PREFEITO MUNICIPAL, QUE SEJA VIABILIZADO JUNTO \u00c0 SECRETARIA MUNICIPAL DE SA\u00daDE A CONTRATA\u00c7\u00c3O DE M\u00c9DICO ANGIOLOGISTA PARA ATENDER A POPULA\u00c7\u00c3O NA REDE MUNICIPAL DE SA\u00daDE NO MUNIC\u00cdPIO DE PORTO GRANDE."}, {"id": "992", "ano": "2023", "numero": "203", "tipo__sigla": "IND", "tipo__descricao": "INDICA\u00c7\u00c3O", "autoria": "SUELI SOUZA", "texto_original": "http://sapl.portogrande.ap.leg.br/media/sapl/public/materialegislativa/2023/992/ind_203_2023_gab_vera_sueli.pdf.pdf", "ementa": "INDICAR AO EXCELENT\u00cdSSIMO GOVERNADOR CL\u00c9CIO LU\u00cdS, QUE NO USO DE SUAS ATRIBUI\u00c7\u00d5ES LEGAIS, ATRAV\u00c9S DO QUAL SOLICITO QUE COLOQUE A DISPOSI\u00c7\u00c3O DO MUNIC\u00cdPIO DE PORTO GRANDE UMA PATRULHA DA MARIA DA PENHA."}, {"id": "993", "ano": "2023", "numero": "204", "tipo__sigla": "IND", "tipo__descricao": "INDICA\u00c7\u00c3O", "autoria": "SUELI SOUZA", "texto_original": "http://sapl.portogrande.ap.leg.br/media/sapl/public/materialegislativa/2023/993/ind_204_2023_gab_vera_sueli.pdf.pdf", "ementa": "INDICAR AO EXCELENT\u00cdSSIMO GOVERNADOR CL\u00c9CIO LU\u00cdS, QUE NO USO DE SUAS ATRIBUI\u00c7\u00d5ES LEGAIS, ATRAV\u00c9S DO QUAL SOLICITO A CONSTRU\u00c7\u00c3O DE UM MURO COM GRADE E COLOCA\u00c7\u00c3O DE GRADE NA PORTA DA FRENTE DA ESCOLA JOS\u00c9 RIBAMAR TEIXEIRA."}, {"id": "994", "ano": "2023", "numero": "205", "tipo__sigla": "IND", "tipo__descricao": "INDICA\u00c7\u00c3O", "autoria": "SUELI SOUZA", "texto_original": "http://sapl.portogrande.ap.leg.br/media/sapl/public/materialegislativa/2023/994/ind_205_2023_gab_vera_sueli.pdf.pdf", "ementa": "INDICAR A SECRET\u00c1RIA DE ESTADO DE POL\u00cdTICAS PARA AS MULHERES \u2013 SEPM, SENHORA ADRIANA RAMOS, QUE NO USO DE SUAS ATRIBUI\u00c7\u00d5ES LEGAIS, ATRAV\u00c9S DO QUAL SOLICITO EQUIPAMENTOS PARA O CRAM DE PORTO GRANDE (COMPUTADORES, IMPRESSORAS, PROJETOR E MATERIAIS DE EXPEDIENTE)."}, {"id": "995", "ano": "2023", "numero": "206", "tipo__sigla": "IND", "tipo__descricao": "INDICA\u00c7\u00c3O", "autoria": "NAINHA SANTANA", "texto_original": "http://sapl.portogrande.ap.leg.br/media/sapl/public/materialegislativa/2023/995/ind_206_2023_gab_vera_nainha.pdf.pdf", "ementa": "INDICA AO EXCELENT\u00cdSSIMO SENHOR JOS\u00c9 MARIA BESSA DE OLIVEIRA \u2013 PREFEITO MUNICIPAL, ATRAV\u00c9S DE SUAS ATRIBUI\u00c7\u00d5ES LEGAIS, ATRAV\u00c9S DOS QUAIS SOLICITO QUE SEJA VIABILIZADO JUNTO \u00c0 SECRETARIA MUNICIPAL DE INFRAESTRUTURA A INSTALA\u00c7\u00c3O DE MANILHAS PARA ESCOAMENTO DE \u00c1GUA NA RUA JOS\u00c9 ANTERO NAS PROXIMIDADES DA PRA\u00c7A DO BAIRRO DO AEROPORTO."}, {"id": "996", "ano": "2023", "numero": "207", "tipo__sigla": "IND", "tipo__descricao": "INDICA\u00c7\u00c3O", "autoria": "NAINHA SANTANA", "texto_original": "http://sapl.portogrande.ap.leg.br/media/sapl/public/materialegislativa/2023/996/ind_207_2023_gab_vera_nainha.pdf.pdf", "ementa": "INDICA AO EXCELENT\u00cdSSIMO SENHOR JOS\u00c9 MARIA BESSA DE OLIVEIRA \u2013 PREFEITO MUNICIPAL, ATRAV\u00c9S DE SUAS ATRIBUI\u00c7\u00d5ES LEGAIS, ATRAV\u00c9S DOS QUAIS SOLICITO QUE SEJA FEITO INSTALA\u00c7\u00c3O DE FAIXA DE PEDESTRE ELEVADA E SINALIZA\u00c7\u00c3O NA AVENIDA AMAP\u00c1."}, {"id": "997", "ano": "2023", "numero": "208", "tipo__sigla": "IND", "tipo__descricao": "INDICA\u00c7\u00c3O", "autoria": "SUELI SOUZA", "texto_original": "http://sapl.portogrande.ap.leg.br/media/sapl/public/materialegislativa/2023/997/ind_208_2023_gab_vera_sueli.pdf.pdf", "ementa": "INDICAR AO EXCELENT\u00cdSSIMO GOVERNADOR CL\u00c9CIO LU\u00cdS, QUE NO USO DE SUAS ATRIBUI\u00c7\u00d5ES LEGAIS, ATRAV\u00c9S DO QUAL SOLICITO QUE INSTALE UM PORT\u00c3O NA LATERAL DO MURO DA ESCOLA JOS\u00c9 RIBAMAR TEIXEIRA."}, {"id": "998", "ano": "2023", "numero": "209", "tipo__sigla": "IND", "tipo__descricao": "INDICA\u00c7\u00c3O", "autoria": "NAINHA SANTANA", "texto_original": "http://sapl.portogrande.ap.leg.br/media/sapl/public/materialegislativa/2023/998/ind_209_2023_gab_vera_nainha.pdf.pdf", "ementa": "INDICAR AO EXCELENT\u00cdSSIMO SENHOR DAVI ALCOLUMBRE \u2013 SENADOR DA REP\u00daBLICA FEDERATIVA DO BRASIL, AO QUAL SOLICITO UMA EMENDA IMPOSITIVA NO VALOR DE 700.000,00 (SETECENTOS MIL REAIS) PARA REFORMA DA ESCOLA ESTADUAL PROFESSORA MARIA CRISTINA BOTELHO RODRIGUES."}, {"id": "1000", "ano": "2023", "numero": "210", "tipo__sigla": "IND", "tipo__descricao": "INDICA\u00c7\u00c3O", "autoria": "NARSON SANTOS", "texto_original": "http://sapl.portogrande.ap.leg.br/media/", "ementa": "INDICAR, AO JOS\u00c9 MARIA BESSA \u2013 PREFEITO MUNICIPAL, QUE NO USO DE SUAS ATRIBUI\u00c7\u00d5ES LEGAIS, ATRAV\u00c9S DO QUAL, LIMPEZA DO TERRENO ONDE ERA O ALMOXARIFADO DA PREFEITURA, ATR\u00c1S DA ESCOLA ESTADUAL, NA AVENIDA JANARY NUNES, AO LADO DOS BLOCOS, PADRE LUIZ DAVID."}, {"id": "1001", "ano": "2023", "numero": "211", "tipo__sigla": "IND", "tipo__descricao": "INDICA\u00c7\u00c3O", "autoria": "NARSON SANTOS", "texto_original": "http://sapl.portogrande.ap.leg.br/media/", "ementa": "INDICAR, AO JOS\u00c9 MARIA BESSA \u2013 PREFEITO MUNICIPAL, QUE NO USO DE SUAS ATRIBUI\u00c7\u00d5ES LEGAIS, ATRAV\u00c9S DO QUAL, SOLICITAMOS A REFORMA DO POSTO DE SA\u00daDE DO BAIRRO NOVA ESPERAN\u00c7A."}, {"id": "1005", "ano": "2023", "numero": "212", "tipo__sigla": "IND", "tipo__descricao": "INDICA\u00c7\u00c3O", "autoria": "GURI DO MATAPI", "texto_original": "http://sapl.portogrande.ap.leg.br/media/sapl/public/materialegislativa/2023/1005/ind_212_2023_gab_ver_guri.pdf.pdf", "ementa": "INDICAR AO EXCELENT\u00cdSSIMO SENHOR RODOLFO VALE - DEPUTADO ESTADUAL DO AMAP\u00c1, QUE DESTINE RECURSOS PARA A TERRAPLANAGEM E MANUTEN\u00c7\u00c3O DAS VIAS DA COL\u00d4NIA DO MATAPI."}, {"id": "1006", "ano": "2023", "numero": "213", "tipo__sigla": "IND", "tipo__descricao": "INDICA\u00c7\u00c3O", "autoria": "GURI DO MATAPI", "texto_original": "http://sapl.portogrande.ap.leg.br/media/sapl/public/materialegislativa/2023/1006/ind_213_2023_gab_ver_guri.pdf.pdf", "ementa": "INDICAR AO SENHOR VALDINEI AMANAJ\u00c1S - SECRET\u00c1RIO DE TRANSPORTE DO ESTADO DO AMAP\u00c1 \u2013 SETRAP, O SERVI\u00c7O PARA CONSTRU\u00c7\u00c3O DAS PONTES NA LINHA H, G E RAMAL DA GLOBO DA COL\u00d4NIA AGR\u00cdCOLA DO MATAPI."}, {"id": "1007", "ano": "2023", "numero": "214", "tipo__sigla": "IND", "tipo__descricao": "INDICA\u00c7\u00c3O", "autoria": "GURI DO MATAPI", "texto_original": "http://sapl.portogrande.ap.leg.br/media/sapl/public/materialegislativa/2023/1007/ind_214_2023_gab_ver_guri.pdf.pdf", "ementa": "INDICAR AO EXCELENT\u00cdSSIMO SENHOR CL\u00c9CIO LU\u00cdS - GOVERNADOR DO ESTADO DO AMAP\u00c1, A REFORMA E AMPLIA\u00c7\u00c3O DA ESCOLA ESTADUAL S\u00c3O FRANCISCO DE ASSIS - LINHA C DO MATAPI."}, {"id": "1008", "ano": "2023", "numero": "215", "tipo__sigla": "IND", "tipo__descricao": "INDICA\u00c7\u00c3O", "autoria": "GURI DO MATAPI", "texto_original": "http://sapl.portogrande.ap.leg.br/media/sapl/public/materialegislativa/2023/1008/ind_215_2023_gab_ver_guri.pdf.pdf", "ementa": "INDICAR AO EXCELENT\u00cdSSIMO SENHOR JOS\u00c9 MARIA BESSA DE OLIVEIRA - PREFEITO DO MUNIC\u00cdPIO DE PORTO GRANDE, A DISPONIBILIZA\u00c7\u00c3O DE UMA RETROESCAVADEIRA PARA LIMPEZA DA \u00c1REA EXTERNA DA UBS MANOEL DE SOUZA PEREIRA."}, {"id": "1010", "ano": "2023", "numero": "216", "tipo__sigla": "IND", "tipo__descricao": "INDICA\u00c7\u00c3O", "autoria": "", "texto_original": "http://sapl.portogrande.ap.leg.br/media/", "ementa": "INDICA\u00c7\u00c3O LEGISLATIVA - AO DIRETOR DO DEPARTAMENTO NACIONAL DE INFRAESTRUTURA DE TRANSPORTES (DNIT) - SUPERINTENDENTE DO AMAP\u00c1, SENHOR MARCELO LINHARES, A REALIZA\u00c7\u00c3O DE UM ESTUDO DE VIABILIDADE T\u00c9CNICA PARA A IMPLEMENTA\u00c7\u00c3O DE MEDIDAS DE SEGURAN\u00c7A AO LONGO DO PER\u00cdMETRO URBANO DA RODOVIA FEDERAL BR-210, QUE CORTA O MUNIC\u00cdPIO DO KM 100 AO KM 106."}, {"id": "1011", "ano": "2023", "numero": "217", "tipo__sigla": "IND", "tipo__descricao": "INDICA\u00c7\u00c3O", "autoria": "NAINHA SANTANA", "texto_original": "http://sapl.portogrande.ap.leg.br/media/sapl/public/materialegislativa/2023/1011/ind_217_2023_gab_vera_nainha.pdf.pdf", "ementa": "INDICAR AO EXCELENT\u00cdSSIMO SENHOR JOS\u00c9 MARIA BESSA DE OLIVEIRA \u2013 PREFEITO DO MUNIC\u00cdPIO DE PORTO GRANDE, AO QUAL INDICO A CONSTRU\u00c7\u00c3O E EXECU\u00c7\u00c3O DE UMA ESCOLA DE M\u00daSICA NO MUNIC\u00cdPIO DE PORTO GRANDE."}, {"id": "1012", "ano": "2023", "numero": "218", "tipo__sigla": "IND", "tipo__descricao": "INDICA\u00c7\u00c3O", "autoria": "NAINHA SANTANA", "texto_original": "http://sapl.portogrande.ap.leg.br/media/sapl/public/materialegislativa/2023/1012/ind_218_2023_gab_vera_nainha.pdf.pdf", "ementa": "INDICAR AO EXCELENT\u00cdSSIMO SENHOR DAVI ALCOLUMBRE \u2013 SENADOR DA REP\u00daBLICA FEDERATIVA DO BRASIL, AO QUAL SOLICITO UMA EMENDA IMPOSITIVA PARA CONSTRU\u00c7\u00c3O DA QUADRA POLIESPORTIVA DA ESCOLA ESTADUAL ELIAS TRAJANO."}, {"id": "1013", "ano": "2023", "numero": "219", "tipo__sigla": "IND", "tipo__descricao": "INDICA\u00c7\u00c3O", "autoria": "NAINHA SANTANA", "texto_original": "http://sapl.portogrande.ap.leg.br/media/sapl/public/materialegislativa/2023/1013/ind_219_2023_gab_vera_nainha.pdf.pdf", "ementa": "INDICAR AO EXCELENT\u00cdSSIMO SENHOR LUCAS BARRETO \u2013 SENADOR DA REP\u00daBLICA FEDERATIVA DO BRASIL, AO QUAL SOLICITO UMA EMENDA IMPOSITIVA NO VALOR DE 500.000,00 (SETECENTOS MIL REAIS) PARA REFORMA DA ESCOLA ESTADUAL PROFESSORA MARIA CRISTINA RODRIGUES BOTELHO."}, {"id": "1014", "ano": "2023", "numero": "220", "tipo__sigla": "IND", "tipo__descricao": "INDICA\u00c7\u00c3O", "autoria": "NAINHA SANTANA", "texto_original": "http://sapl.portogrande.ap.leg.br/media/sapl/public/materialegislativa/2023/1014/ind_220_2023_gab_vera_nainha.pdf.pdf", "ementa": "INDICAR AO EXCELENT\u00cdSSIMO DEPUTADO HILDEGARD GURGEL \u2013DEPUTADO DO ESTADO DO AMAP\u00c1, AO QUAL SOLICITO UMA EMENDA IMPOSITIVA PARA CLIMATIZA\u00c7\u00c3O DAS SALAS DE AULA DA ESCOLA ESTADUAL PROFESSORA MARIA CRISTINA BOTELHO RODRIGUES."}, {"id": "1015", "ano": "2023", "numero": "221", "tipo__sigla": "IND", "tipo__descricao": "INDICA\u00c7\u00c3O", "autoria": "NAINHA SANTANA", "texto_original": "http://sapl.portogrande.ap.leg.br/media/sapl/public/materialegislativa/2023/1015/ind_221_2023_gab_vera_nainha.pdf.pdf", "ementa": "INDICAR AO EXCELENT\u00cdSSIMO SENHOR JOS\u00c9 MARIA BESSA DE OLIVEIRA \u2013 PREFEITO DO MUNIC\u00cdPIO DE PORTO GRANDE, AO QUAL SOLICITO A CONSTRU\u00c7\u00c3O DE UM P\u00d3RTICO \"PORTAL\" NA ENTRADA DA CIDADE, NO MUNIC\u00cdPIO DE PORTO GRANDE, CONTENDO O NOME DO MUNIC\u00cdPIO E UMA FRASE DE BEM VINDO."}, {"id": "1016", "ano": "2023", "numero": "222", "tipo__sigla": "IND", "tipo__descricao": "INDICA\u00c7\u00c3O", "autoria": "NAINHA SANTANA", "texto_original": "http://sapl.portogrande.ap.leg.br/media/sapl/public/materialegislativa/2023/1016/ind_222_2023_gab_vera_nainha.pdf.pdf", "ementa": "INDICAR AO EXCELENT\u00cdSSIMO SENHOR DAVI ALCOLUMBRE \u2013 SENADOR DA REP\u00daBLICA FEDERATIVA DO BRASIL, AO QUAL SOLICITO UMA EMENDA IMPOSITIVA PARA CONSTRU\u00c7\u00c3O DE UMA ESCOLA DE M\u00daSICA NO MUNIC\u00cdPIO DE PORTO GRANDE."}, {"id": "1024", "ano": "2023", "numero": "223", "tipo__sigla": "IND", "tipo__descricao": "INDICA\u00c7\u00c3O", "autoria": "PROFESSOR NELSON", "texto_original": "http://sapl.portogrande.ap.leg.br/media/sapl/public/materialegislativa/2023/1024/ind_223_2023_gab_ver_nelson.pdf.pdf", "ementa": "REQUER QUE SEJA REALIZADO NO DIA 05 DE DEZEMBRO A HOMENAGEM A TODOS OS ALUNOS E COMITIVA DAS ESCOLAS DAS REDES - MUNICIPAL, ESTADUAL E FEDERAL QUE SE DESTACARAM NA AMOSTRA DE CI\u00caNCIAS E TECNOLOGIA DO INSTITUTO A\u00c7A\u00cd - MCTIA-PA."}, {"id": "1025", "ano": "2023", "numero": "224", "tipo__sigla": "IND", "tipo__descricao": "INDICA\u00c7\u00c3O", "autoria": "SUELI SOUZA", "texto_original": "http://sapl.portogrande.ap.leg.br/media/sapl/public/materialegislativa/2023/1025/ind_224_2023_gab_vera_sueli.pdf.pdf", "ementa": "INDICAR AO EXCELENT\u00cdSSIMO SENHOR JOS\u00c9 MARIA BESSA DE OLIVEIRA \u2013 PREFEITO MUNICIPAL DE PORTO GRANDE, QUE NO USO DE SUAS ATRIBUI\u00c7\u00d5ES LEGAIS, ATRAV\u00c9S DO QUAL SOLICITO A CONSTRU\u00c7\u00c3O DE UM CAMPO DE FUTEBOL COM ARENA, ARQUIBANCADA E ILUMINA\u00c7\u00c3O NA COMUNIDADE DO CAMPO VERDE."}, {"id": "1027", "ano": "2023", "numero": "225", "tipo__sigla": "IND", "tipo__descricao": "INDICA\u00c7\u00c3O", "autoria": "ALEX LOPES", "texto_original": "http://sapl.portogrande.ap.leg.br/media/sapl/public/materialegislativa/2023/1027/ind_225_2023_gab_ver_alex.pdf.pdf", "ementa": "INDICAR A VOSSA EXCEL\u00caNCIA SENHOR, JOS\u00c9 MARIA BESSA DE OLIVEIRA - PREFEITO MUNICIPAL DE PORTO GRANDE, QUE NO USO DE SUAS ATRIBUI\u00c7\u00d5ES LEGAIS, ATRAV\u00c9S DOS QUAIS INDICO QUE A GEST\u00c3O FA\u00c7A CUMPRIR A LEI MUNICIPAL 371/2013 E FA\u00c7A A DEVIDA IDENTIFICA\u00c7\u00c3O EM TODOS OS VE\u00cdCULOS PR\u00d3PRIOS, LOCADOS E PRESTADORES DE SERVI\u00c7OS, COMO MANDA A REFERIDA LEI, NO SEU ARTIGO 4\u00ba \"OS VE\u00cdCULOS AUTOMOTORES E M\u00c1QUINAS, PERTENCENTES A FROTA MUNICIPAL, DEVER\u00c3O CONSTAR INFORMA\u00c7\u00d5ES COM FAIXA PINTADA OU ADESIVO, COMBINADA PELAS CORES DO MUNIC\u00cdPIO, IDENTIFICANDO O MUNIC\u00cdPIO E SECRETARIA O QUAL O MESMO PERTENCE ACRESCIDO DO SLOGAN PR\u00d3PRIO DE CADA ADMINISTRA\u00c7\u00c3O\"."}, {"id": "1028", "ano": "2023", "numero": "226", "tipo__sigla": "IND", "tipo__descricao": "INDICA\u00c7\u00c3O", "autoria": "ALEX LOPES", "texto_original": "http://sapl.portogrande.ap.leg.br/media/sapl/public/materialegislativa/2023/1028/ind_226_2023_gab_ver_alex.pdf.pdf", "ementa": "INDICAR A VOSSA EXCEL\u00caNCIA SENHOR, JOS\u00c9 MARIA BESSA DE OLIVEIRA - PREFEITO MUNICIPAL DE PORTO GRANDE, QUE NO USO DE SUAS ATRIBUI\u00c7\u00d5ES LEGAIS, ATRAV\u00c9S DOS QUAIS POSSA DISPONIBILIZAR AS PLACAS DE IDENTIFICA\u00c7\u00c3O DOS PR\u00c9DIOS E LOGRADOUROS P\u00daBLICOS COM OS SEUS DEVIDOS NOMES DENOMINADOS ATRAV\u00c9S DE LEI MUNICIPAL, E COMO SUGEST\u00c3O DO LEGISLATIVO QUE AL\u00c9M DO NOME SE COLOQUE UMA FOTO DO HOMENAGEADO."}, {"id": "1029", "ano": "2023", "numero": "227", "tipo__sigla": "IND", "tipo__descricao": "INDICA\u00c7\u00c3O", "autoria": "ALEX LOPES", "texto_original": "http://sapl.portogrande.ap.leg.br/media/sapl/public/materialegislativa/2023/1029/ind_227_2023_gab_ver_alex.pdf.pdf", "ementa": "INDICAR A VOSSA EXCEL\u00caNCIA SENHOR, JOS\u00c9 MARIA BESSA DE OLIVEIRA - PREFEITO MUNICIPAL DE PORTO GRANDE, QUE NO USO DE SUAS ATRIBUI\u00c7\u00d5ES LEGAIS, ATRAV\u00c9S DOS QUAIS A GEST\u00c3O POSSA ISENTAR DO PAGAMENTO PARA CUSTEIO DA TAXA DE ILUMINA\u00c7\u00c3O P\u00daBLICA (CIP), OS MORADORES DA ZONA RURAL NO TERRIT\u00d3RIO DO MUNIC\u00cdPIO DE PORTO GRANDE."}, {"id": "1040", "ano": "2023", "numero": "228", "tipo__sigla": "IND", "tipo__descricao": "INDICA\u00c7\u00c3O", "autoria": "NARSON SANTOS", "texto_original": "http://sapl.portogrande.ap.leg.br/media/sapl/public/materialegislativa/2023/1040/ind_228_2023_gab_ver_narson.pdf.pdf", "ementa": "INDICAR, AO EXCELENT\u00cdSSIMO SENHOR JACK JK \u2013 DEPUTADO ESTADUAL, QUE NO USO DE SUAS ATRIBUI\u00c7\u00d5ES LEGAIS, ATRAV\u00c9S DO QUAL, SOLICITO A ATEN\u00c7\u00c3O POIS, OBSERVAMOS A AUS\u00caNCIA DO ZONEAMENTO DO ABACAXI NO MUNIC\u00cdPIO DE PORTO GRANDE CONFORME DIRETRIZES DA EMBRAPA."}, {"id": "1043", "ano": "2023", "numero": "229", "tipo__sigla": "IND", "tipo__descricao": "INDICA\u00c7\u00c3O", "autoria": "NAINHA SANTANA", "texto_original": "http://sapl.portogrande.ap.leg.br/media/sapl/public/materialegislativa/2023/1043/ind_229_2023_gab_vera_nainha.pdf", "ementa": "INDICAR AO EXCELENT\u00cdSSIMO SENHOR LUCAS CANTUARIA BARRETO, SENADOR DA REP\u00daBLICA FEDERATIVA DO BRASIL, PELO ESTADO DO AMAP\u00c1, QUE NO USO DE SUAS ATRIBUI\u00c7\u00d5ES LEGAIS DO QUAL SOLICITO ESPECIAL ATEN\u00c7\u00c3O NO SENTIDO DE QUE SEJA VIABILIZADO RECURSOS FINANCEIROS ATRAV\u00c9S DE EMENDA PARLAMENTAR PARA FINS ESPEC\u00cdFICOS PARA AQUISI\u00c7\u00c3O DE UMA ESCOLA DE M\u00daSICA PARA ATENDER AOS MUN\u00cdCIPES PORTOGRANDENSES."}, {"id": "1049", "ano": "2023", "numero": "230", "tipo__sigla": "IND", "tipo__descricao": "INDICA\u00c7\u00c3O", "autoria": "ALEX LOPES", "texto_original": "http://sapl.portogrande.ap.leg.br/media/sapl/public/materialegislativa/2023/1049/ind_230_2023_gab_ver_alex.pdf", "ementa": "INDICA A VOSSA EXCEL\u00caNCIA SENHOR, JOS\u00c9 MARIA BESSA DE OLIVEIRA - PREFEITO MUNICIPAL DE PORTO GRANDE QUE POSSA DESTINAR UM RECURSO DO OR\u00c7AMENTO ORIUNDO DA LEI 2654/22 REFERENTE A OUTORGA DA CAESA, PARA CONSTRU\u00c7\u00c3O DE UMA ESCOLA MUNICIPAL NA AGROVILA DO ASSENTAMENTO NOVA CANA\u00c3 EM NOSSO MUNICIPIO DE PORTO GRANDE."}, {"id": "699", "ano": "2023", "numero": "1", "tipo__sigla": "MOC", "tipo__descricao": "MO\u00c7\u00c3O", "autoria": "NAINHA SANTANA", "texto_original": "http://sapl.portogrande.ap.leg.br/media/sapl/public/materialegislativa/2023/699/mocao_gab_vera_elienai.pdf", "ementa": "APRESENTA MO\u00c7\u00c3O DE APLAUSOS E RECONHECIMENTO AOS PROFESSORES, ORIENTADORES E ALUNOS DOS PROJETOS CIENT\u00cdFICOS DESENVOLVIDOS NAS ESCOLAS MUNICIPAIS E ESTADUAIS E PELO INSTITUTO FEDERAL - IFAP PORTO GRANDE."}, {"id": "716", "ano": "2023", "numero": "2", "tipo__sigla": "MOC", "tipo__descricao": "MO\u00c7\u00c3O", "autoria": "NAINHA SANTANA", "texto_original": "http://sapl.portogrande.ap.leg.br/media/sapl/public/materialegislativa/2023/716/mocao_02_2023_gab_vera_nainha.pdf", "ementa": "APRESENTA MO\u00c7\u00c3O DE APLAUSOS A MULHERES QUE TEM PRESTADO RELEVANTES TRABALHOS A SOCIEDADE PORTOGRANDENSE E SE COLOCADO INVOLUNTARIAMENTE EM POSI\u00c7\u00c3O DE DESTAQUE."}, {"id": "855", "ano": "2023", "numero": "3", "tipo__sigla": "MOC", "tipo__descricao": "MO\u00c7\u00c3O", "autoria": "NAINHA SANTANA", "texto_original": "http://sapl.portogrande.ap.leg.br/media/sapl/public/materialegislativa/2023/855/mocao_03_gab_vera_nainha.pdf", "ementa": "APRESENTA MO\u00c7\u00c3O DE APLAUSOS A JU\u00cdZA JOENILDA LOBATO SILVA LENZI PELO RELEVANTE TRABALHO REALIZADO COMO COORDENAODORA DO PROJETO CASAMENTO NA COMUNIDADE NO ESTADO DO AMAP\u00c1."}, {"id": "856", "ano": "2023", "numero": "4", "tipo__sigla": "MOC", "tipo__descricao": "MO\u00c7\u00c3O", "autoria": "PROFESSOR NELSON", "texto_original": "http://sapl.portogrande.ap.leg.br/media/sapl/public/materialegislativa/2023/856/mocao_04_gab_ver_nelson.pdf", "ementa": "APRESENTA MO\u00c7\u00c3O DE APLAUSOS E RECONHECIMENTO, \u00c0 TODOS OS PROFESSORES E FUNCION\u00c1RIOS DA ESCOLA ESTADUAL JOS\u00c9 RIBAMAR TEIXEIRA, PELOS RELEVANTES SERVI\u00c7OS PRESTADOS NOS ANOS TRABALHANDO NO ANEXO DA ESCOLA ESTADUAL SEM CONDI\u00c7\u00d5ES MUITAS VEZES ADEQUADAS PARA O FUNCIONAMENTO."}, {"id": "860", "ano": "2023", "numero": "5", "tipo__sigla": "MOC", "tipo__descricao": "MO\u00c7\u00c3O", "autoria": "PROFESSOR NELSON", "texto_original": "http://sapl.portogrande.ap.leg.br/media/sapl/public/materialegislativa/2023/860/mocao_05_2023_gab_ver_nelson.pdf", "ementa": "MO\u00c7\u00c3O DE APLAUSO E RECONHECIMENTO, COMO FORMA DE RECONHECIMENTO PELO TRABALHO QUE VEM SENDO DESENVOLVIDO PELA ASSOCIA\u00c7\u00c3O GRUPO JUNINO EXPLODE CORA\u00c7\u00c3O, COM APRESENTA\u00c7\u00d5ES NOS TRADICIONAIS EVENTOS JUNINO DO MUNIC\u00cdPIO E NA PARTICIPA\u00c7\u00c3O COM O TERCEIRO LUGAR NO ARRAIAL NO MEIO DO MUNDO, REALIZADO PELO INSTITUTO ARRAIAL NO MEIO DO MUNDO."}, {"id": "960", "ano": "2023", "numero": "6", "tipo__sigla": "MOC", "tipo__descricao": "MO\u00c7\u00c3O", "autoria": "PROFESSOR NELSON", "texto_original": "http://sapl.portogrande.ap.leg.br/media/sapl/public/materialegislativa/2023/960/mocao_06_2023_gab_ver_nelson.pdf", "ementa": "MO\u00c7\u00c3O DE APLAUSO E RECONHECIMENTO, A TODOS OS ALUNOS, DIRETORES E PROFESSORES DAS ESCOLAS P\u00daBLICAS MUNICIPAIS, ESTADUAIS E FEDERAIS QUE FORAM DESTAQUE DA 11\u00aa EDI\u00c7\u00c3O DA FEIRA DE CI\u00caNCIAS E TECNOLOGIA DO ESTADO DO AMAP\u00c1 - FECEAP 2023."}, {"id": "1039", "ano": "2023", "numero": "7", "tipo__sigla": "MOC", "tipo__descricao": "MO\u00c7\u00c3O", "autoria": "PROFESSOR NELSON", "texto_original": "http://sapl.portogrande.ap.leg.br/media/sapl/public/materialegislativa/2023/1039/mocao_07_2023_gab_ver_nelson.pdf", "ementa": "MO\u00c7\u00c3O DE APLAUSO E RECONHECIMENTO, \u00c0 ESCOLA ESTADUAL PROFESSORA MARIA CRISTINA BOTELHO RODRIGUES, PELO PROJETO CONSCI\u00caNCIA NEGRA \u2013 NOSSAS LEMBRAN\u00c7AS E RA\u00cdZES FAZEM PARTE DESSA HIST\u00d3RIA REALIZADO PELA REFERIDA ESCOLA ESTADUAL."}, {"id": "1042", "ano": "2023", "numero": "8", "tipo__sigla": "MOC", "tipo__descricao": "MO\u00c7\u00c3O", "autoria": "NAINHA SANTANA", "texto_original": "http://sapl.portogrande.ap.leg.br/media/sapl/public/materialegislativa/2023/1042/mocao_08_2023_gab_vera_nainha.pdf", "ementa": "APRESENTA MO\u00c7\u00c3O DE APLAUSOS A SENHORA ELIZABETH PELAES DOS SANTOS POR SE DESTACAR COMO UMA GESTORA DE EXCEL\u00caNCIA SENDO A \u00daNICA PREFEITA MULHER NO ESTADO DO AMAP\u00c1 NO MANDATO VIGENTE."}, {"id": "1021", "ano": "2023", "numero": "1", "tipo__sigla": "RV", "tipo__descricao": "RAZ\u00d5ES DO VETO", "autoria": "PMPG", "texto_original": "http://sapl.portogrande.ap.leg.br/media/sapl/public/materialegislativa/2023/1021/veto_01_2023_ao_pl_039_2023.pdf", "ementa": "\"DISP\u00d5E SOBRE O PROGRAMA DE INCENTIVO \u00c0 CULTURA DO A\u00c7A\u00cd NO MUNIC\u00cdPIO DE PORTO GRANDE E D\u00c1 OUTRAS PROVID\u00caNCIAS\"."}, {"id": "1022", "ano": "2023", "numero": "2", "tipo__sigla": "RV", "tipo__descricao": "RAZ\u00d5ES DO VETO", "autoria": "PMPG", "texto_original": "http://sapl.portogrande.ap.leg.br/media/sapl/public/materialegislativa/2023/1022/veto_02_2023_ao_pl_005_2023.pdf", "ementa": "\"CRIA O PROGRAMA DE INCENTIVO \u00c0 AVICULTURA E DA PSICULTURA NO MUNIC\u00cdPIO DE PORTO GRANDE, E D\u00c1 OUTRAS PROVID\u00caNCIAS\"."}, {"id": "1082", "ano": "2023", "numero": "3", "tipo__sigla": "RV", "tipo__descricao": "RAZ\u00d5ES DO VETO", "autoria": "PMPG", "texto_original": "http://sapl.portogrande.ap.leg.br/media/sapl/public/materialegislativa/2023/1082/veto_03_2023.pdf", "ementa": "VETO AO PL 20/2023 - GAB. VERA. NAINHA SANTANA"}, {"id": "791", "ano": "2023", "numero": "1", "tipo__sigla": "PAR", "tipo__descricao": "PARECER", "autoria": "CAG - COMISS\u00c3O DE ASSUNTOS GERAIS", "texto_original": "http://sapl.portogrande.ap.leg.br/media/", "ementa": "PARECER DA COMISS\u00c3O DE ASSUNTOS GERAIS N\u00ba 01/2023AO PROJETO DE LEI N\u00ba 002/2023 GAB PMPG."}, {"id": "792", "ano": "2023", "numero": "2", "tipo__sigla": "PAR", "tipo__descricao": "PARECER", "autoria": "CJR - COMISS\u00c3O DE JUSTI\u00c7A E REDA\u00c7\u00c3O", "texto_original": "http://sapl.portogrande.ap.leg.br/media/", "ementa": "PARECER DA COMISS\u00c3O DE JUSTI\u00c7A E REDA\u00c7\u00c3O N\u00ba 02/2023 AO PROJETO DE LEI N\u00ba 002/2023 GAB PMPG."}, {"id": "819", "ano": "2023", "numero": "3", "tipo__sigla": "PAR", "tipo__descricao": "PARECER", "autoria": "CJR - COMISS\u00c3O DE JUSTI\u00c7A E REDA\u00c7\u00c3O", "texto_original": "http://sapl.portogrande.ap.leg.br/media/", "ementa": "PARECER N\u00ba 03/2023 AO PL N\u00ba 04/2023 - GAB/PMPG."}, {"id": "820", "ano": "2023", "numero": "4", "tipo__sigla": "PAR", "tipo__descricao": "PARECER", "autoria": "CJR - COMISS\u00c3O DE JUSTI\u00c7A E REDA\u00c7\u00c3O", "texto_original": "http://sapl.portogrande.ap.leg.br/media/sapl/public/materialegislativa/2023/820/par_cjr_ao_pl_05_2023_-_magisterio.pdf", "ementa": "PARECER N\u00ba 04/2023 AO PL N\u00ba 05/2023 - GAB/PMPG."}, {"id": "821", "ano": "2023", "numero": "5", "tipo__sigla": "PAR", "tipo__descricao": "PARECER", "autoria": "CAG - COMISS\u00c3O DE ASSUNTOS GERAIS", "texto_original": "http://sapl.portogrande.ap.leg.br/media/sapl/public/materialegislativa/2023/821/ccf23052023_0001.pdf", "ementa": "PARECER N\u00ba 05/2023 AO PL N\u00ba 05/2023."}, {"id": "822", "ano": "2023", "numero": "6", "tipo__sigla": "PAR", "tipo__descricao": "PARECER", "autoria": "CAG - COMISS\u00c3O DE ASSUNTOS GERAIS", "texto_original": "http://sapl.portogrande.ap.leg.br/media/", "ementa": "PARECER N\u00ba 06/2023 AO PL N\u00ba 04/2023."}, {"id": "837", "ano": "2023", "numero": "7", "tipo__sigla": "PAR", "tipo__descricao": "PARECER", "autoria": "CJR - COMISS\u00c3O DE JUSTI\u00c7A E REDA\u00c7\u00c3O", "texto_original": "http://sapl.portogrande.ap.leg.br/media/sapl/public/materialegislativa/2023/837/par_07_2023_cjr.pdf", "ementa": "PARECER N\u00ba 07/2023 AO PL N\u00ba 006/2023-GAB/PMPG DE 16 DE MAIO DE 2023."}, {"id": "838", "ano": "2023", "numero": "8", "tipo__sigla": "PAR", "tipo__descricao": "PARECER", "autoria": "CJR - COMISS\u00c3O DE JUSTI\u00c7A E REDA\u00c7\u00c3O", "texto_original": "http://sapl.portogrande.ap.leg.br/media/sapl/public/materialegislativa/2023/838/par_08_2023_cjr.pdf", "ementa": "PARECER N\u00ba 08/2023 AO PL N\u00ba 007/2023-GAB/PMPG DE 16 DE MAIO DE 2023."}, {"id": "840", "ano": "2023", "numero": "9", "tipo__sigla": "PAR", "tipo__descricao": "PARECER", "autoria": "CAG - COMISS\u00c3O DE ASSUNTOS GERAIS", "texto_original": "http://sapl.portogrande.ap.leg.br/media/sapl/public/materialegislativa/2023/840/par_09_2023_cag.pdf", "ementa": "PARECER N\u00ba 09/2023 AO PL N\u00ba 006/2023-GAB/PMPG."}, {"id": "839", "ano": "2023", "numero": "10", "tipo__sigla": "PAR", "tipo__descricao": "PARECER", "autoria": "CAG - COMISS\u00c3O DE ASSUNTOS GERAIS", "texto_original": "http://sapl.portogrande.ap.leg.br/media/sapl/public/materialegislativa/2023/839/par_10_2023_cag.pdf", "ementa": "PARECER N\u00ba 10/2023 AO PL N\u00ba 007/2023-GAB/PMPG."}, {"id": "913", "ano": "2023", "numero": "11", "tipo__sigla": "PAR", "tipo__descricao": "PARECER", "autoria": "CJR - COMISS\u00c3O DE JUSTI\u00c7A E REDA\u00c7\u00c3O", "texto_original": "http://sapl.portogrande.ap.leg.br/media/", "ementa": "PARECER AO PL 009/2023 GAB PMPG"}, {"id": "914", "ano": "2023", "numero": "12", "tipo__sigla": "PAR", "tipo__descricao": "PARECER", "autoria": "CAG - COMISS\u00c3O DE ASSUNTOS GERAIS", "texto_original": "http://sapl.portogrande.ap.leg.br/media/", "ementa": "PARECER AO PL 009/2023 GAB PMPG"}, {"id": "941", "ano": "2023", "numero": "13", "tipo__sigla": "PAR", "tipo__descricao": "PARECER", "autoria": "CJR - COMISS\u00c3O DE JUSTI\u00c7A E REDA\u00c7\u00c3O", "texto_original": "http://sapl.portogrande.ap.leg.br/media/sapl/public/materialegislativa/2023/941/par_13_2023_cjr.pdf", "ementa": "PARECER CJR AO PL 42/2023 GAB. VERA. SUELI SILVA DE SOUZA"}, {"id": "942", "ano": "2023", "numero": "14", "tipo__sigla": "PAR", "tipo__descricao": "PARECER", "autoria": "CJR - COMISS\u00c3O DE JUSTI\u00c7A E REDA\u00c7\u00c3O", "texto_original": "http://sapl.portogrande.ap.leg.br/media/sapl/public/materialegislativa/2023/942/par_14_2023_cjr.pdf", "ementa": "PARECER CJR AO PL 39/2023 GAB. VER. NELSON DOS SANTOS DOMINGOS"}, {"id": "943", "ano": "2023", "numero": "15", "tipo__sigla": "PAR", "tipo__descricao": "PARECER", "autoria": "CJR - COMISS\u00c3O DE JUSTI\u00c7A E REDA\u00c7\u00c3O", "texto_original": "http://sapl.portogrande.ap.leg.br/media/sapl/public/materialegislativa/2023/943/par_15_2023_cjr.pdf", "ementa": "PARECER CJR AO PL 05/2023 GAB. VERA. ELIENAI DOS SANTOS SILVA SANTANA"}, {"id": "952", "ano": "2023", "numero": "16", "tipo__sigla": "PAR", "tipo__descricao": "PARECER", "autoria": "CAG - COMISS\u00c3O DE ASSUNTOS GERAIS", "texto_original": "http://sapl.portogrande.ap.leg.br/media/", "ementa": "PARECER CAG AO PL 42/2023 GAB. VERA. SUELI SILVA DE SOUZA"}, {"id": "953", "ano": "2023", "numero": "17", "tipo__sigla": "PAR", "tipo__descricao": "PARECER", "autoria": "CAG - COMISS\u00c3O DE ASSUNTOS GERAIS", "texto_original": "http://sapl.portogrande.ap.leg.br/media/", "ementa": "PARECER CAG AO PL 39/2023 GAB. VER. NELSON DOS SANTOS DOMINGOS"}, {"id": "954", "ano": "2023", "numero": "18", "tipo__sigla": "PAR", "tipo__descricao": "PARECER", "autoria": "CAG - COMISS\u00c3O DE ASSUNTOS GERAIS", "texto_original": "http://sapl.portogrande.ap.leg.br/media/", "ementa": "PARECER CAG AO PL 05/2023 GAB. VERA. ELIENAI DOS SANTOS SILVA SANTANA"}, {"id": "955", "ano": "2023", "numero": "19", "tipo__sigla": "PAR", "tipo__descricao": "PARECER", "autoria": "CJR - COMISS\u00c3O DE JUSTI\u00c7A E REDA\u00c7\u00c3O", "texto_original": "http://sapl.portogrande.ap.leg.br/media/sapl/public/materialegislativa/2023/955/par_19_2023_cjr.pdf", "ementa": "PARECER CJR AO PL N\u00ba 010/2023-GAB/PMPG."}, {"id": "962", "ano": "2023", "numero": "20", "tipo__sigla": "PAR", "tipo__descricao": "PARECER", "autoria": "CJR - COMISS\u00c3O DE JUSTI\u00c7A E REDA\u00c7\u00c3O", "texto_original": "http://sapl.portogrande.ap.leg.br/media/", "ementa": "PARECER CJR AO PL N\u00ba 11/2023 PMPG."}, {"id": "963", "ano": "2023", "numero": "21", "tipo__sigla": "PAR", "tipo__descricao": "PARECER", "autoria": "CAG - COMISS\u00c3O DE ASSUNTOS GERAIS", "texto_original": "http://sapl.portogrande.ap.leg.br/media/", "ementa": "PARECER CAG AO PL N\u00ba 11/2023 PMPG."}, {"id": "964", "ano": "2023", "numero": "22", "tipo__sigla": "PAR", "tipo__descricao": "PARECER", "autoria": "COF - COMISS\u00c3O DE OR\u00c7AMENTOS E FINAN\u00c7AS", "texto_original": "http://sapl.portogrande.ap.leg.br/media/sapl/public/materialegislativa/2023/964/parecer_22_2023_cof.pdf", "ementa": "PARECER COF AO PL N\u00ba 11/2023 PMPG."}, {"id": "1044", "ano": "2023", "numero": "23", "tipo__sigla": "PAR", "tipo__descricao": "PARECER", "autoria": "CJR - COMISS\u00c3O DE JUSTI\u00c7A E REDA\u00c7\u00c3O", "texto_original": "http://sapl.portogrande.ap.leg.br/media/sapl/public/materialegislativa/2023/1044/parecer_23_2023_cjr.pdf", "ementa": "PARECER N\u00ba 23/2023 AO PROJETO DE LEI N\u00ba 014/2023 GAB/PMPG."}, {"id": "1045", "ano": "2023", "numero": "24", "tipo__sigla": "PAR", "tipo__descricao": "PARECER", "autoria": "CJR - COMISS\u00c3O DE JUSTI\u00c7A E REDA\u00c7\u00c3O", "texto_original": "http://sapl.portogrande.ap.leg.br/media/sapl/public/materialegislativa/2023/1045/parecer_24_2023_cjr.pdf", "ementa": "PARECER N\u00ba 24/2023 AO PROJETO DE LEI N\u00ba 050/2023 GAB. VEREADOR JOS\u00c9 DOMINGOS DE ALMEIDA VAZ."}, {"id": "1046", "ano": "2023", "numero": "25", "tipo__sigla": "PAR", "tipo__descricao": "PARECER", "autoria": "CJR - COMISS\u00c3O DE JUSTI\u00c7A E REDA\u00c7\u00c3O", "texto_original": "http://sapl.portogrande.ap.leg.br/media/sapl/public/materialegislativa/2023/1046/parecer_25_2023_cjr.pdf", "ementa": "PARECER N\u00ba 25/2023 AO PROJETO DE LEI N\u00ba 015/2023 GAB/PMPG."}, {"id": "1047", "ano": "2023", "numero": "26", "tipo__sigla": "PAR", "tipo__descricao": "PARECER", "autoria": "CJR - COMISS\u00c3O DE JUSTI\u00c7A E REDA\u00c7\u00c3O", "texto_original": "http://sapl.portogrande.ap.leg.br/media/sapl/public/materialegislativa/2023/1047/parecer_26_2023_cjr.pdf", "ementa": "PARECER N\u00ba 26/2023 AO PROJETO DE LEI N\u00ba 013/2023 GAB/PMPG."}, {"id": "1048", "ano": "2023", "numero": "27", "tipo__sigla": "PAR", "tipo__descricao": "PARECER", "autoria": "CJR - COMISS\u00c3O DE JUSTI\u00c7A E REDA\u00c7\u00c3O", "texto_original": "http://sapl.portogrande.ap.leg.br/media/sapl/public/materialegislativa/2023/1048/parecer_27_2023_cjr.pdf", "ementa": "PARECER N\u00ba 27/2023 AO PROJETO DE LEI N\u00ba 016/2023 GAB/PMPG."}, {"id": "1051", "ano": "2023", "numero": "28", "tipo__sigla": "PAR", "tipo__descricao": "PARECER", "autoria": "COF - COMISS\u00c3O DE OR\u00c7AMENTOS E FINAN\u00c7AS", "texto_original": "http://sapl.portogrande.ap.leg.br/media/", "ementa": "Parecer ao Projeto de Lei n\u00ba 011/2023 \u2013 GAB. PMPG"}, {"id": "1052", "ano": "2023", "numero": "29", "tipo__sigla": "PAR", "tipo__descricao": "PARECER", "autoria": "CJR - COMISS\u00c3O DE JUSTI\u00c7A E REDA\u00c7\u00c3O", "texto_original": "http://sapl.portogrande.ap.leg.br/media/", "ementa": "Emenda ao Projeto de Lei N\u00b0 011/2023 \u2013 LOA 2024"}, {"id": "861", "ano": "2023", "numero": "1", "tipo__sigla": "EM", "tipo__descricao": "EMENDA", "autoria": "SUELI SOUZA", "texto_original": "http://sapl.portogrande.ap.leg.br/media/sapl/public/materialegislativa/2023/861/emenda_aditiva_01_2023_gab_vera_sueli.pdf", "ementa": "EMENDA N\u00ba 01/2023 AO PLL N\u00ba 26/2023 - GAB - VEREADORA SUELI SOUZA."}, {"id": "1030", "ano": "2023", "numero": "2", "tipo__sigla": "EM", "tipo__descricao": "EMENDA", "autoria": "ALEX LOPES", "texto_original": "http://sapl.portogrande.ap.leg.br/media/sapl/public/materialegislativa/2023/1030/emd_aditiva_02_2023_gab_ver_alex.pdf", "ementa": "EMENDA ADITIVA N\u00ba 02/2023 A LEI N\u00ba 469/2017-PMPG"}, {"id": "1035", "ano": "2023", "numero": "3", "tipo__sigla": "EM", "tipo__descricao": "EMENDA", "autoria": "ALEX LOPES", "texto_original": "http://sapl.portogrande.ap.leg.br/media/sapl/public/materialegislativa/2023/1035/emenda_modificativa_03_2023_gab_ver_alex.pdf", "ementa": "EMENDA MODIFICATIVA N\u00ba 03/2023 AO PROJETO DE LEI LOA, N\u00ba 012/2023-PMPG."}, {"id": "1036", "ano": "2023", "numero": "4", "tipo__sigla": "EM", "tipo__descricao": "EMENDA", "autoria": "ALEX LOPES", "texto_original": "http://sapl.portogrande.ap.leg.br/media/sapl/public/materialegislativa/2023/1036/emenda_modificativa_04_2023_gab_ver_alex.pdf", "ementa": "EMENDA MODIFICATIVA N\u00ba 04/2023 AO PROJETO DE LEI LOA, N\u00ba 012/2023-PMPG."}, {"id": "1050", "ano": "2023", "numero": "5", "tipo__sigla": "EM", "tipo__descricao": "EMENDA", "autoria": "PROFESSOR NELSON", "texto_original": "http://sapl.portogrande.ap.leg.br/media/", "ementa": "EMENDA ADITIVA N.\u00ba 01 AO PROJETO DE LEI N\u00ba 012/2023 \u2013 PMPG \u2013 LOA"}, {"id": "793", "ano": "2023", "numero": "3", "tipo__sigla": "MEN", "tipo__descricao": "MENSAGEM", "autoria": "PMPG", "texto_original": "http://sapl.portogrande.ap.leg.br/media/sapl/public/materialegislativa/2023/793/mensagem_003_2023_gab_pmpg.pdf", "ementa": "MENSAGEM N\u00ba 003/2023-GAB-PMPG AO PL N\u00ba 003/2023-GAB-PMPG."}, {"id": "809", "ano": "2023", "numero": "4", "tipo__sigla": "MEN", "tipo__descricao": "MENSAGEM", "autoria": "PMPG", "texto_original": "http://sapl.portogrande.ap.leg.br/media/sapl/public/materialegislativa/2023/809/mensagem_n4_pmpg.pdf", "ementa": "AO Projeto de Lei n\u00b0 004/2023-GAB/PMPG que \u201cDisp\u00f5e sobre reajuste ao vencimento base dos Auxiliares Educacionais do Sistema P\u00fablico Municipal de Educa\u00e7\u00e3o de Porto Grande, e d\u00e1 outras provid\u00eancias."}, {"id": "810", "ano": "2023", "numero": "5", "tipo__sigla": "MEN", "tipo__descricao": "MENSAGEM", "autoria": "PMPG", "texto_original": "http://sapl.portogrande.ap.leg.br/media/sapl/public/materialegislativa/2023/810/mensagem_n5_pmpg.pdf", "ementa": "AO Projeto de Lei n\u00b0 005/2023-GAB/PMPG que \u201cDisp\u00f5e sobre reajuste e adequa\u00e7\u00e3o da remunera\u00e7\u00e3o m\u00ednima do quadro de Profissionais do Magist\u00e9rio P\u00fablico do Munic\u00edpio de Porto Grande ao Piso Salarial Nacional dos Profissionais do Magist\u00e9rio da Educa\u00e7\u00e3o B\u00e1sica P\u00fablica e d\u00e1 provid\u00eancias correlatas."}, {"id": "815", "ano": "2023", "numero": "6", "tipo__sigla": "MEN", "tipo__descricao": "MENSAGEM", "autoria": "PMPG", "texto_original": "http://sapl.portogrande.ap.leg.br/media/sapl/public/materialegislativa/2023/815/pl_n_006-2023_-_estrutura_admintrativa-1-2.pdf", "ementa": "AO PROJETO DE LEI N\u00ba 006/2023-GAB/PMPG. \"Disp\u00f5e sobre a estrutura administrativa da Prefeitura Municipal de Porto Grande, revogando a lei 475/2019, e d\u00e1 outras providencias.\u201d"}, {"id": "817", "ano": "2023", "numero": "7", "tipo__sigla": "MEN", "tipo__descricao": "MENSAGEM", "autoria": "PMPG", "texto_original": "http://sapl.portogrande.ap.leg.br/media/sapl/public/materialegislativa/2023/817/mens._pl_007-contratacao_temporaria_2023.2024.pdf", "ementa": "AO PROJETO DE LEI N\u00ba 007/2023-GAB/PMPG. Que \"Disp\u00f5e sobre a contrata\u00e7\u00e3o por tempo determinado para atender a necessidade tempor\u00e1ria de excepcional interesse p\u00fablico, nos termos do inciso IX do art. 37 da Constitui\u00e7\u00e3o Federal, e d\u00e1 outras provid\u00eancias.\""}, {"id": "864", "ano": "2023", "numero": "9", "tipo__sigla": "MEN", "tipo__descricao": "MENSAGEM", "autoria": "PMPG", "texto_original": "http://sapl.portogrande.ap.leg.br/media/sapl/public/materialegislativa/2023/864/mensagem_ao_projeto_de_lei_no_009.2023-_equiparacao_microscopistas.pdf", "ementa": "Mensagem ao PL 09/2023 - Que \"Disp\u00f5e sobre a equipara\u00e7\u00e3o do piso salarial dos Cargo de Microscopista do quadro efetivo aos dos Agentes Comunit\u00e1rios de Sa\u00fade (ACS) e ao do Agente de Combate a Endemias (ACE) no munic\u00edpio de Porto Grande.\""}, {"id": "951", "ano": "2023", "numero": "10", "tipo__sigla": "MEN", "tipo__descricao": "MENSAGEM", "autoria": "PMPG", "texto_original": "http://sapl.portogrande.ap.leg.br/media/sapl/public/materialegislativa/2023/951/mensagem_ao_pl_01_2023_pmpg.pdf", "ementa": "MENSAGEM AO PROJETO DE LEI N\u00ba 010/2023-PMPG. \"DISP\u00d5E SOBRE A REGULAMENTA\u00c7\u00c3O DA ASSIST\u00caNCIA FINANCEIRA COMPLEMENTAR REPASSADA PELA UNI\u00c3O FEDERAL VISANDO DAR CUMPRIMENTO AO DISPOSTO NA LEI FEDERAL N\u00ba 14.434, DE 4 DE AGOSTO DE 2022 QUE INSTITUI O PISO SALARIAL NACIONAL DO ENFERMEIRO, DO T\u00c9CNICO DE ENFERMAGEM, DO AUXILIAR DE ENFERMAGEM E DA PARTEIRA DO MUNIC\u00cdPIO DE PORTO GRANDE/AP.\""}, {"id": "881", "ano": "2023", "numero": "1", "tipo__sigla": "ASO", "tipo__descricao": "ATA DE SESS\u00c3O ORDINARIA", "autoria": "", "texto_original": "http://sapl.portogrande.ap.leg.br/media/sapl/public/materialegislativa/2023/881/1a_sessao_ordinaria_14_de_fevereiro_de_2023..pdf", "ementa": "ATA DA 1\u00aa SESS\u00c3O ORDIN\u00c1RIA 14 DE FEVEREIRO DE 2023."}, {"id": "882", "ano": "2023", "numero": "2", "tipo__sigla": "ASO", "tipo__descricao": "ATA DE SESS\u00c3O ORDINARIA", "autoria": "", "texto_original": "http://sapl.portogrande.ap.leg.br/media/sapl/public/materialegislativa/2023/882/2a_sessao_ordinaria_23_de_fevereiro_de_2023..pdf", "ementa": "ATA DA 2\u00aa SESS\u00c3O ORDIN\u00c1RIA 23 DE FEVEREIRO DE 2023."}, {"id": "883", "ano": "2023", "numero": "3", "tipo__sigla": "ASO", "tipo__descricao": "ATA DE SESS\u00c3O ORDINARIA", "autoria": "", "texto_original": "http://sapl.portogrande.ap.leg.br/media/sapl/public/materialegislativa/2023/883/3a_sessao_ordinaria_28_de_fevereiro_de_2023..pdf", "ementa": "ATA DA 3\u00aa SESS\u00c3O ORDIN\u00c1RIA 28 DE FEVEREIRO DE 2023."}, {"id": "884", "ano": "2023", "numero": "4", "tipo__sigla": "ASO", "tipo__descricao": "ATA DE SESS\u00c3O ORDINARIA", "autoria": "", "texto_original": "http://sapl.portogrande.ap.leg.br/media/sapl/public/materialegislativa/2023/884/4a_sessao_ordinaria_07_de_marco_de_2023..pdf", "ementa": "ATA DA 4\u00aa SESS\u00c3O ORDIN\u00c1RIA 07 DE MAR\u00c7O DE 2023."}, {"id": "885", "ano": "2023", "numero": "5", "tipo__sigla": "ASO", "tipo__descricao": "ATA DE SESS\u00c3O ORDINARIA", "autoria": "", "texto_original": "http://sapl.portogrande.ap.leg.br/media/sapl/public/materialegislativa/2023/885/5a_sessao_ordinaria_14_de_marco_de_2023..pdf", "ementa": "ATA DA 5\u00aa SESS\u00c3O ORDIN\u00c1RIA 14 DE MAR\u00c7O DE 2023."}, {"id": "886", "ano": "2023", "numero": "6", "tipo__sigla": "ASO", "tipo__descricao": "ATA DE SESS\u00c3O ORDINARIA", "autoria": "", "texto_original": "http://sapl.portogrande.ap.leg.br/media/sapl/public/materialegislativa/2023/886/6a_sessao_ordinaria_21_de_marco_de_2023..pdf", "ementa": "ATA DA 6\u00aa SESS\u00c3O ORDIN\u00c1RIA 21 DE MAR\u00c7O DE 2023."}, {"id": "887", "ano": "2023", "numero": "7", "tipo__sigla": "ASO", "tipo__descricao": "ATA DE SESS\u00c3O ORDINARIA", "autoria": "", "texto_original": "http://sapl.portogrande.ap.leg.br/media/sapl/public/materialegislativa/2023/887/7a_sessao_ordinaria_04_de_abril_de_2023..pdf", "ementa": "ATA DA 7\u00aa SESS\u00c3O ORDIN\u00c1RIA 04 DE ABRIL DE 2023."}, {"id": "888", "ano": "2023", "numero": "9", "tipo__sigla": "ASO", "tipo__descricao": "ATA DE SESS\u00c3O ORDINARIA", "autoria": "", "texto_original": "http://sapl.portogrande.ap.leg.br/media/sapl/public/materialegislativa/2023/888/9a_sessao_ordinaria_18_de_abril_de_2023..pdf", "ementa": "ATA DA 9\u00aa SESS\u00c3O ORDIN\u00c1RIA 18 DE ABRIL DE 2023."}, {"id": "889", "ano": "2023", "numero": "10", "tipo__sigla": "ASO", "tipo__descricao": "ATA DE SESS\u00c3O ORDINARIA", "autoria": "", "texto_original": "http://sapl.portogrande.ap.leg.br/media/sapl/public/materialegislativa/2023/889/10a_sessao_ordinaria_25_de_abril_de_2023..pdf", "ementa": "ATA DA 10\u00aa SESS\u00c3O ORDIN\u00c1RIA 25 DE ABRIL DE 2023."}, {"id": "890", "ano": "2023", "numero": "11", "tipo__sigla": "ASO", "tipo__descricao": "ATA DE SESS\u00c3O ORDINARIA", "autoria": "", "texto_original": "http://sapl.portogrande.ap.leg.br/media/sapl/public/materialegislativa/2023/890/11a_sessao_ordinaria_02_de_maio_de_2023..pdf", "ementa": "ATA DA 11\u00aa SESS\u00c3O ORDIN\u00c1RIA 02 DE MAIO DE 2023."}, {"id": "891", "ano": "2023", "numero": "12", "tipo__sigla": "ASO", "tipo__descricao": "ATA DE SESS\u00c3O ORDINARIA", "autoria": "", "texto_original": "http://sapl.portogrande.ap.leg.br/media/sapl/public/materialegislativa/2023/891/12a_sessao_ordinaria_09_de_maio_de_2023..pdf", "ementa": "ATA DA 12\u00aa SESS\u00c3O ORDIN\u00c1RIA 09 DE MAIO DE 2023."}, {"id": "892", "ano": "2023", "numero": "13", "tipo__sigla": "ASO", "tipo__descricao": "ATA DE SESS\u00c3O ORDINARIA", "autoria": "", "texto_original": "http://sapl.portogrande.ap.leg.br/media/", "ementa": "ATA DA 13\u00aa SESS\u00c3O ORDIN\u00c1RIA 16 DE MAIO DE 2023."}, {"id": "893", "ano": "2023", "numero": "14", "tipo__sigla": "ASO", "tipo__descricao": "ATA DE SESS\u00c3O ORDINARIA", "autoria": "", "texto_original": "http://sapl.portogrande.ap.leg.br/media/", "ementa": "ATA DA 14\u00aa SESS\u00c3O ORDIN\u00c1RIA 23 DE MAIO DE 2023."}, {"id": "894", "ano": "2023", "numero": "15", "tipo__sigla": "ASO", "tipo__descricao": "ATA DE SESS\u00c3O ORDINARIA", "autoria": "", "texto_original": "http://sapl.portogrande.ap.leg.br/media/sapl/public/materialegislativa/2023/894/15a_sessao_ordinaria_30_de_maio_de_2023..pdf", "ementa": "ATA DA 15\u00aa SESS\u00c3O ORDIN\u00c1RIA 30 DE MAIO DE 2023."}, {"id": "895", "ano": "2023", "numero": "16", "tipo__sigla": "ASO", "tipo__descricao": "ATA DE SESS\u00c3O ORDINARIA", "autoria": "", "texto_original": "http://sapl.portogrande.ap.leg.br/media/sapl/public/materialegislativa/2023/895/16a_sessao_ordinaria_06_de_junho_de_2023..pdf", "ementa": "ATA DA 16\u00aa SESS\u00c3O ORDIN\u00c1RIA 06 DE JUNHO DE 2023."}, {"id": "896", "ano": "2023", "numero": "17", "tipo__sigla": "ASO", "tipo__descricao": "ATA DE SESS\u00c3O ORDINARIA", "autoria": "", "texto_original": "http://sapl.portogrande.ap.leg.br/media/sapl/public/materialegislativa/2023/896/17a_sessao_ordinaria_13_de_junho_de_2023..pdf", "ementa": "ATA DA 17\u00aa SESS\u00c3O ORDIN\u00c1RIA 13 DE JUNHO DE 2023."}, {"id": "897", "ano": "2023", "numero": "18", "tipo__sigla": "ASO", "tipo__descricao": "ATA DE SESS\u00c3O ORDINARIA", "autoria": "", "texto_original": "http://sapl.portogrande.ap.leg.br/media/sapl/public/materialegislativa/2023/897/18a_sessao_ordinaria_20_de_junho_de_2023..pdf", "ementa": "ATA DA 18\u00aa SESS\u00c3O ORDIN\u00c1RIA 20 DE JUNHO DE 2023."}, {"id": "898", "ano": "2023", "numero": "19", "tipo__sigla": "ASO", "tipo__descricao": "ATA DE SESS\u00c3O ORDINARIA", "autoria": "", "texto_original": "http://sapl.portogrande.ap.leg.br/media/sapl/public/materialegislativa/2023/898/19a_sessao_ordinaria_27_de_junho_de_2023.pdf", "ementa": "ATA DA 19\u00aa SESS\u00c3O ORDIN\u00c1RIA 27 DE JUNHO DE 2023."}, {"id": "899", "ano": "2023", "numero": "20", "tipo__sigla": "ASO", "tipo__descricao": "ATA DE SESS\u00c3O ORDINARIA", "autoria": "", "texto_original": "http://sapl.portogrande.ap.leg.br/media/sapl/public/materialegislativa/2023/899/20a_sessao_ordinaria_04_de_julho_de_2023..pdf", "ementa": "ATA DA 20\u00aa SESS\u00c3O ORDIN\u00c1RIA 04 DE JULHO DE 2023."}, {"id": "900", "ano": "2023", "numero": "21", "tipo__sigla": "ASO", "tipo__descricao": "ATA DE SESS\u00c3O ORDINARIA", "autoria": "", "texto_original": "http://sapl.portogrande.ap.leg.br/media/sapl/public/materialegislativa/2023/900/21a_sessao_ordinaria_11_de_julho_de_2023..pdf", "ementa": "ATA DA 21\u00aa SESS\u00c3O ORDIN\u00c1RIA 11 DE JULHO DE 2023."}, {"id": "880", "ano": "2023", "numero": "1", "tipo__sigla": "ASS", "tipo__descricao": "ATA DE SESS\u00c3O SOLENE", "autoria": "", "texto_original": "http://sapl.portogrande.ap.leg.br/media/sapl/public/materialegislativa/2023/880/1a_sessao_solene_01_de_janeiro_de_2023..pdf", "ementa": "ATA DA 01\u00aa SESS\u00c3O SOLENE 01 DE JANEIRO DE 2023."}, {"id": "965", "ano": "2023", "numero": "1", "tipo__sigla": "PARTC", "tipo__descricao": "PARECER TRIBUNAL DE CONTAS", "autoria": "", "texto_original": "http://sapl.portogrande.ap.leg.br/media/sapl/public/materialegislativa/2023/965/processo_no_2273-2006.pdf", "ementa": "PRESTA\u00c7\u00c3O DE CONTAS: PROCESSO N\u00ba 2273/2006 - BALAN\u00c7O GERAL DA PREFEITURA MUNICIPAL DE PORTO GRANDE REFERENTE AO EXERC\u00cdCIO DE 2005."}, {"id": "991", "ano": "2023", "numero": "2", "tipo__sigla": "PARTC", "tipo__descricao": "PARECER TRIBUNAL DE CONTAS", "autoria": "", "texto_original": "http://sapl.portogrande.ap.leg.br/media/sapl/public/materialegislativa/2023/991/processo_no_2064-2009.pdf", "ementa": "PRESTA\u00c7\u00c3O DE CONTAS: Processo n\u00ba 2064-2009 - ASSUNTO: PRESTA\u00c7\u00c3O DE CONTAS DO PODER EXECUTIVO MUNICIPAL DE PORTO GRANDE, REFERENTE AO EXERC\u00cdCIO DE 2008."}, {"id": "1026", "ano": "2023", "numero": "3", "tipo__sigla": "PARTC", "tipo__descricao": "PARECER TRIBUNAL DE CONTAS", "autoria": "", "texto_original": "http://sapl.portogrande.ap.leg.br/media/sapl/public/materialegislativa/2023/1026/processo_tc_002451_2004_f3a8bb82_19d7_4328_945a_ed9b6c923760.pdf", "ementa": "PRESTA\u00c7\u00c3O DE CONTAS: Processo TC/002451/2004 - ASSUNTO: PRESTA\u00c7\u00c3O DE CONTAS DO PODER EXECUTIVO MUNICIPAL DE PORTO GRANDE, REFERENTE AO EXERC\u00cdCIO DE 2002."}]}