{"id":2164,"__str__":"INDICA\u00c7\u00c3O n\u00ba 94 de 2026","link_detail_backend":"/materia/2164","metadata":{},"numero":94,"ano":2026,"numero_protocolo":239,"data_apresentacao":"2026-03-23","tipo_apresentacao":"","data_publicacao":null,"numero_origem_externa":"","ano_origem_externa":null,"data_origem_externa":null,"apelido":"","dias_prazo":null,"data_fim_prazo":null,"em_tramitacao":true,"polemica":false,"objeto":"","complementar":false,"ementa":"INDICA AO DEPUTADO FEDERAL VIN\u00cdCIUS GURGEL, ATRAV\u00c9S DOS QUAIS SOLICITA QUE SEJA LOCADA VERBA DO OR\u00c7AMENTO DA UNI\u00c3O, ATRAV\u00c9S DE EMENDA PARLAMENTAR PARA A AQUISI\u00c7\u00c3O DE UM MICRO \u00d4NIBUS PARA ATENDER OS PROJETOS ESPORTIVOS SOCIAIS E CULTURAIS DO MUNIC\u00cdPIO DE PORTO GRANDE.","indexacao":"","observacao":"","resultado":"","texto_original":"http://sapl.portogrande.ap.leg.br/media/sapl/public/materialegislativa/2026/2164/indicacao_-_012_-_2026_-vinicius_gurgel__-_emenda_aquisicao_de_micro_onibus.pdf","data_ultima_atualizacao":"2026-03-23T09:25:48.782535-03:00","ip":"","ultima_edicao":null,"tipo":7,"regime_tramitacao":1,"tipo_origem_externa":null,"local_origem_externa":null,"user":null,"anexadas":[],"autores":[30]}