{"id":2163,"__str__":"INDICA\u00c7\u00c3O n\u00ba 93 de 2026","link_detail_backend":"/materia/2163","metadata":{},"numero":93,"ano":2026,"numero_protocolo":238,"data_apresentacao":"2026-03-23","tipo_apresentacao":"","data_publicacao":null,"numero_origem_externa":"","ano_origem_externa":null,"data_origem_externa":null,"apelido":"","dias_prazo":null,"data_fim_prazo":null,"em_tramitacao":true,"polemica":false,"objeto":"","complementar":false,"ementa":"INDICA AO DEPUTADO FEDERAL DORINALDO MALAFAIA, SOLICITA QUE SEJA LOCADA VERBA DO OR\u00c7AMENTO DA UNI\u00c3O, ATRAV\u00c9S DE EMENDA PARLAMENTAR PARA AQUISI\u00c7\u00c3O DE UMA VAN ODONTOL\u00d3GICA VISANDO AMPLIAR O ACESSO \u00c0 SA\u00daDE BUCAL PARA TODA A POPULA\u00c7\u00c3O DO MUNIC\u00cdPIO DE PORTO GRANDE.","indexacao":"","observacao":"","resultado":"","texto_original":"http://sapl.portogrande.ap.leg.br/media/sapl/public/materialegislativa/2026/2163/indicacao_-_013-_2026_-_dorivaldo_malafaia_-_aquiscao_de_van_odontologica.pdf","data_ultima_atualizacao":"2026-03-23T09:25:23.008974-03:00","ip":"","ultima_edicao":null,"tipo":7,"regime_tramitacao":1,"tipo_origem_externa":null,"local_origem_externa":null,"user":null,"anexadas":[],"autores":[30]}