{"id":2160,"__str__":"INDICA\u00c7\u00c3O n\u00ba 90 de 2026","link_detail_backend":"/materia/2160","metadata":{},"numero":90,"ano":2026,"numero_protocolo":235,"data_apresentacao":"2026-03-23","tipo_apresentacao":"","data_publicacao":null,"numero_origem_externa":"","ano_origem_externa":null,"data_origem_externa":null,"apelido":"","dias_prazo":null,"data_fim_prazo":null,"em_tramitacao":true,"polemica":false,"objeto":"","complementar":false,"ementa":"INDICA\u00c7\u00c3O - INDICA AO  GOVERNADOR CL\u00c9CIO LU\u00cdS  EM CAR\u00c1TER EMERGENCIAL A CONTRATA\u00c7\u00c3O DE UMA EQUIPE MULTIDISCIPLINAR PARA ATENDER CRIAN\u00c7AS E ADOLESCENTES COM TRANSTORNO DE ESPECTRO AUTISTA NO CAPS DO MUNIC\u00cdPIO.","indexacao":"","observacao":"","resultado":"","texto_original":"http://sapl.portogrande.ap.leg.br/media/sapl/public/materialegislativa/2026/2160/indicacao_009_-_governador_clesio_luis_-equipe_multidisciplinar_autistas.pdf","data_ultima_atualizacao":"2026-04-28T11:38:53.571272-03:00","ip":"179.60.169.83","ultima_edicao":"2026-04-28T11:38:52.545509-03:00","tipo":7,"regime_tramitacao":1,"tipo_origem_externa":null,"local_origem_externa":null,"user":37,"anexadas":[],"autores":[30]}