{"id":2110,"__str__":"INDICA\u00c7\u00c3O n\u00ba 44 de 2026","link_detail_backend":"/materia/2110","metadata":{},"numero":44,"ano":2026,"numero_protocolo":159,"data_apresentacao":"2026-03-02","tipo_apresentacao":"","data_publicacao":null,"numero_origem_externa":"","ano_origem_externa":null,"data_origem_externa":null,"apelido":"","dias_prazo":null,"data_fim_prazo":null,"em_tramitacao":true,"polemica":false,"objeto":"","complementar":false,"ementa":"INDICA AO MINISTRO WALDEZ G\u00d3ES, A INCLUS\u00c3O DA ASSOCIA\u00c7\u00c3O AGEPNEFA NO PROGRAMA DE MECANIZA\u00c7\u00c3O AGR\u00cdCOLA, COM DOTA\u00c7\u00c3O DE 1 TRATOR DE RODAS MODELO 4X4 COM IMPLEMENTOS COMPLETOS.","indexacao":"","observacao":"","resultado":"","texto_original":"http://sapl.portogrande.ap.leg.br/media/sapl/public/materialegislativa/2026/2110/indica_ao_ministro_waldez_goes_a_inclusao_da_associacao_agepnefa_no_programa_de_mecanizacao_agricola_com_dotacao_de_1_trator_de.pdf","data_ultima_atualizacao":"2026-03-02T08:20:49.137331-03:00","ip":"","ultima_edicao":null,"tipo":7,"regime_tramitacao":1,"tipo_origem_externa":null,"local_origem_externa":null,"user":null,"anexadas":[],"autores":[31]}