{"id":2079,"__str__":"INDICA\u00c7\u00c3O n\u00ba 20 de 2026","link_detail_backend":"/materia/2079","metadata":{},"numero":20,"ano":2026,"numero_protocolo":93,"data_apresentacao":"2026-02-02","tipo_apresentacao":"","data_publicacao":null,"numero_origem_externa":"","ano_origem_externa":null,"data_origem_externa":null,"apelido":"","dias_prazo":null,"data_fim_prazo":null,"em_tramitacao":true,"polemica":false,"objeto":"","complementar":false,"ementa":"INDICAR AO EXCELENT\u00cdSSIMO SENHOR ELIELSON DA SILVA MORAES \u2013 PREFEITO MUNICIPAL, QUE SEJA VIABILIZADO JUNTO AO SENHOR: JOSE ANT\u00d4NIO NUNES ALVES DIRETOR DO DEPARTAMENTO MUNICIPAL DE TR\u00c2NSITO (DEMULTRAN), VENHO SOLICITAR COM URG\u00caNCIA A SINALIZA\u00c7\u00d5ES ENTRE A AVENIDA SANTA IZABEL E A ANT\u00d4NIO DA SILVA SANTOS, DE ESQUINA ENTRE AEROPORTO E MANOEL CORTEZ.","indexacao":"","observacao":"","resultado":"","texto_original":"http://sapl.portogrande.ap.leg.br/media/sapl/public/materialegislativa/2026/2079/sinalizacao_m_cortez_aeroporto.docx","data_ultima_atualizacao":"2026-02-02T08:20:07.540810-03:00","ip":"","ultima_edicao":null,"tipo":7,"regime_tramitacao":1,"tipo_origem_externa":null,"local_origem_externa":null,"user":null,"anexadas":[],"autores":[50]}